{"id":35138,"date":"2026-09-01T04:00:00","date_gmt":"2026-09-01T04:00:00","guid":{"rendered":"https:\/\/trayectoriadeportiva.com\/index.php\/2026\/09\/01\/enric-mas-lider-de-la-vuelta-y-de-los-pinguinos\/"},"modified":"2026-09-01T04:00:00","modified_gmt":"2026-09-01T04:00:00","slug":"enric-mas-lider-de-la-vuelta-y-de-los-pinguinos","status":"publish","type":"post","link":"https:\/\/trayectoriadeportiva.com\/index.php\/2026\/09\/01\/enric-mas-lider-de-la-vuelta-y-de-los-pinguinos\/","title":{"rendered":"Enric Mas, l\u00edder de la Vuelta y de los ping\u00fcinos"},"content":{"rendered":"<p>Cuando en 2018 Enric Mas gan\u00f3 su primera etapa en la Vuelta a Espa\u00f1a, en las monta\u00f1as de Andorra, que adem\u00e1s <a href=\"https:\/\/www.lavanguardia.com\/deportes\/ciclismo\/20180914\/451798464415\/la-vuelta-2018-etapa-19-la-rabassa.html\">le sirvi\u00f3 para meterse en el podio final solo por detr\u00e1s de Simon Yates<\/a>, todos los especialistas coincidieron en decir que el escalador de Art\u00e0 ten\u00eda las condiciones de un ganador de una carrera de tres semanas. Ten\u00eda 24 a\u00f1os y estaba en el Quick Step pero se hab\u00eda formado en la Fundaci\u00f3n de Alberto Contador, retirado un a\u00f1o antes. Parec\u00eda predestinado.<\/p>\n<p><a href=\"https:\/\/www.lavanguardia.com\/deportes\/ciclismo\/20260901\/11624102\/enric-mas-lider-vuelta-espana-pingueinos-movistar.html\">Seguir leyendo&#8230;<\/a><\/p>","protected":false},"excerpt":{"rendered":"<p>Cuando en 2018 Enric Mas gan\u00f3 su primera etapa en la Vuelta a Espa\u00f1a, en las monta\u00f1as de Andorra, que adem\u00e1s le sirvi\u00f3 para meterse en el podio final solo por detr\u00e1s de Simon Yates, todos los especialistas coincidieron en decir que el escalador de Art\u00e0 ten\u00eda las condiciones de un ganador de una carrera [&hellip;]<\/p>\n","protected":false},"author":1,"featured_media":35139,"comment_status":"","ping_status":"","sticky":false,"template":"","format":"standard","meta":{"_et_pb_use_builder":"","_et_pb_old_content":"","_et_gb_content_width":"","footnotes":""},"categories":[1],"tags":[],"class_list":["post-35138","post","type-post","status-publish","format-standard","has-post-thumbnail","hentry","category-blog","et-has-post-format-content","et_post_format-et-post-format-standard"],"_links":{"self":[{"href":"https:\/\/trayectoriadeportiva.com\/index.php\/wp-json\/wp\/v2\/posts\/35138","targetHints":{"allow":["GET"]}}],"collection":[{"href":"https:\/\/trayectoriadeportiva.com\/index.php\/wp-json\/wp\/v2\/posts"}],"about":[{"href":"https:\/\/trayectoriadeportiva.com\/index.php\/wp-json\/wp\/v2\/types\/post"}],"author":[{"embeddable":true,"href":"https:\/\/trayectoriadeportiva.com\/index.php\/wp-json\/wp\/v2\/users\/1"}],"replies":[{"embeddable":true,"href":"https:\/\/trayectoriadeportiva.com\/index.php\/wp-json\/wp\/v2\/comments?post=35138"}],"version-history":[{"count":0,"href":"https:\/\/trayectoriadeportiva.com\/index.php\/wp-json\/wp\/v2\/posts\/35138\/revisions"}],"wp:featuredmedia":[{"embeddable":true,"href":"https:\/\/trayectoriadeportiva.com\/index.php\/wp-json\/wp\/v2\/media\/35139"}],"wp:attachment":[{"href":"https:\/\/trayectoriadeportiva.com\/index.php\/wp-json\/wp\/v2\/media?parent=35138"}],"wp:term":[{"taxonomy":"category","embeddable":true,"href":"https:\/\/trayectoriadeportiva.com\/index.php\/wp-json\/wp\/v2\/categories?post=35138"},{"taxonomy":"post_tag","embeddable":true,"href":"https:\/\/trayectoriadeportiva.com\/index.php\/wp-json\/wp\/v2\/tags?post=35138"}],"curies":[{"name":"wp","href":"https:\/\/api.w.org\/{rel}","templated":true}]}}