{"id":35140,"date":"2026-09-01T08:38:44","date_gmt":"2026-09-01T08:38:44","guid":{"rendered":"https:\/\/trayectoriadeportiva.com\/index.php\/2026\/09\/01\/robert-moreno-nuevo-seleccionador-de-corea-del-sur\/"},"modified":"2026-09-01T08:38:44","modified_gmt":"2026-09-01T08:38:44","slug":"robert-moreno-nuevo-seleccionador-de-corea-del-sur","status":"publish","type":"post","link":"https:\/\/trayectoriadeportiva.com\/index.php\/2026\/09\/01\/robert-moreno-nuevo-seleccionador-de-corea-del-sur\/","title":{"rendered":"Robert Moreno, nuevo seleccionador de Corea del Sur"},"content":{"rendered":"<p>El catal\u00e1n Robert Moreno ha sido nombrado seleccionador interino del combinado nacional masculino de Corea del Sur, al que dirigir\u00e1 inicialmente durante seis partidos, con la posibilidad de continuar hasta la Copa Asi\u00e1tica de 2027, seg\u00fan anunci\u00f3 este martes la Asociaci\u00f3n de F\u00fatbol de ese pa\u00eds (KFA).<\/p>\n<p><a href=\"https:\/\/www.lavanguardia.com\/deportes\/futbol\/20260901\/11624425\/robert-moreno-nuevo-seleccionador-corea-sur.html\">Seguir leyendo&#8230;<\/a><\/p>","protected":false},"excerpt":{"rendered":"<p>El catal\u00e1n Robert Moreno ha sido nombrado seleccionador interino del combinado nacional masculino de Corea del Sur, al que dirigir\u00e1 inicialmente durante seis partidos, con la posibilidad de continuar hasta la Copa Asi\u00e1tica de 2027, seg\u00fan anunci\u00f3 este martes la Asociaci\u00f3n de F\u00fatbol de ese pa\u00eds (KFA). Seguir leyendo&#8230;<\/p>\n","protected":false},"author":1,"featured_media":35141,"comment_status":"","ping_status":"","sticky":false,"template":"","format":"standard","meta":{"_et_pb_use_builder":"","_et_pb_old_content":"","_et_gb_content_width":"","footnotes":""},"categories":[1],"tags":[],"class_list":["post-35140","post","type-post","status-publish","format-standard","has-post-thumbnail","hentry","category-blog","et-has-post-format-content","et_post_format-et-post-format-standard"],"_links":{"self":[{"href":"https:\/\/trayectoriadeportiva.com\/index.php\/wp-json\/wp\/v2\/posts\/35140","targetHints":{"allow":["GET"]}}],"collection":[{"href":"https:\/\/trayectoriadeportiva.com\/index.php\/wp-json\/wp\/v2\/posts"}],"about":[{"href":"https:\/\/trayectoriadeportiva.com\/index.php\/wp-json\/wp\/v2\/types\/post"}],"author":[{"embeddable":true,"href":"https:\/\/trayectoriadeportiva.com\/index.php\/wp-json\/wp\/v2\/users\/1"}],"replies":[{"embeddable":true,"href":"https:\/\/trayectoriadeportiva.com\/index.php\/wp-json\/wp\/v2\/comments?post=35140"}],"version-history":[{"count":0,"href":"https:\/\/trayectoriadeportiva.com\/index.php\/wp-json\/wp\/v2\/posts\/35140\/revisions"}],"wp:featuredmedia":[{"embeddable":true,"href":"https:\/\/trayectoriadeportiva.com\/index.php\/wp-json\/wp\/v2\/media\/35141"}],"wp:attachment":[{"href":"https:\/\/trayectoriadeportiva.com\/index.php\/wp-json\/wp\/v2\/media?parent=35140"}],"wp:term":[{"taxonomy":"category","embeddable":true,"href":"https:\/\/trayectoriadeportiva.com\/index.php\/wp-json\/wp\/v2\/categories?post=35140"},{"taxonomy":"post_tag","embeddable":true,"href":"https:\/\/trayectoriadeportiva.com\/index.php\/wp-json\/wp\/v2\/tags?post=35140"}],"curies":[{"name":"wp","href":"https:\/\/api.w.org\/{rel}","templated":true}]}}