{"id":35142,"date":"2026-09-01T08:01:11","date_gmt":"2026-09-01T08:01:11","guid":{"rendered":"https:\/\/trayectoriadeportiva.com\/index.php\/2026\/09\/01\/el-mundo-del-futbol-se-rinde-a-messi-en-su-despedida-de-la-seleccion-argentina\/"},"modified":"2026-09-01T08:01:11","modified_gmt":"2026-09-01T08:01:11","slug":"el-mundo-del-futbol-se-rinde-a-messi-en-su-despedida-de-la-seleccion-argentina","status":"publish","type":"post","link":"https:\/\/trayectoriadeportiva.com\/index.php\/2026\/09\/01\/el-mundo-del-futbol-se-rinde-a-messi-en-su-despedida-de-la-seleccion-argentina\/","title":{"rendered":"El mundo del f\u00fatbol se rinde a Messi en su despedida de la selecci\u00f3n argentina"},"content":{"rendered":"<p>Despu\u00e9s de anunciar su retirada de la selecci\u00f3n argentina a los 39 a\u00f1os, el mundo se rindi\u00f3 a Leo Messi. El astro argentino recibi\u00f3 millones de reacciones a su despedida, desde el mundo del deporte, la pol\u00edtica o el espect\u00e1culo.<\/p>\n<p><a href=\"https:\/\/www.lavanguardia.com\/deportes\/futbol\/20260901\/11624398\/mundo-futbol-rinde-messi-despedida-seleccion-argentina.html\">Seguir leyendo&#8230;<\/a><\/p>","protected":false},"excerpt":{"rendered":"<p>Despu\u00e9s de anunciar su retirada de la selecci\u00f3n argentina a los 39 a\u00f1os, el mundo se rindi\u00f3 a Leo Messi. El astro argentino recibi\u00f3 millones de reacciones a su despedida, desde el mundo del deporte, la pol\u00edtica o el espect\u00e1culo. Seguir leyendo&#8230;<\/p>\n","protected":false},"author":1,"featured_media":35143,"comment_status":"","ping_status":"","sticky":false,"template":"","format":"standard","meta":{"_et_pb_use_builder":"","_et_pb_old_content":"","_et_gb_content_width":"","footnotes":""},"categories":[1],"tags":[],"class_list":["post-35142","post","type-post","status-publish","format-standard","has-post-thumbnail","hentry","category-blog","et-has-post-format-content","et_post_format-et-post-format-standard"],"_links":{"self":[{"href":"https:\/\/trayectoriadeportiva.com\/index.php\/wp-json\/wp\/v2\/posts\/35142","targetHints":{"allow":["GET"]}}],"collection":[{"href":"https:\/\/trayectoriadeportiva.com\/index.php\/wp-json\/wp\/v2\/posts"}],"about":[{"href":"https:\/\/trayectoriadeportiva.com\/index.php\/wp-json\/wp\/v2\/types\/post"}],"author":[{"embeddable":true,"href":"https:\/\/trayectoriadeportiva.com\/index.php\/wp-json\/wp\/v2\/users\/1"}],"replies":[{"embeddable":true,"href":"https:\/\/trayectoriadeportiva.com\/index.php\/wp-json\/wp\/v2\/comments?post=35142"}],"version-history":[{"count":0,"href":"https:\/\/trayectoriadeportiva.com\/index.php\/wp-json\/wp\/v2\/posts\/35142\/revisions"}],"wp:featuredmedia":[{"embeddable":true,"href":"https:\/\/trayectoriadeportiva.com\/index.php\/wp-json\/wp\/v2\/media\/35143"}],"wp:attachment":[{"href":"https:\/\/trayectoriadeportiva.com\/index.php\/wp-json\/wp\/v2\/media?parent=35142"}],"wp:term":[{"taxonomy":"category","embeddable":true,"href":"https:\/\/trayectoriadeportiva.com\/index.php\/wp-json\/wp\/v2\/categories?post=35142"},{"taxonomy":"post_tag","embeddable":true,"href":"https:\/\/trayectoriadeportiva.com\/index.php\/wp-json\/wp\/v2\/tags?post=35142"}],"curies":[{"name":"wp","href":"https:\/\/api.w.org\/{rel}","templated":true}]}}