{"id":35144,"date":"2026-09-01T09:58:18","date_gmt":"2026-09-01T09:58:18","guid":{"rendered":"https:\/\/trayectoriadeportiva.com\/index.php\/2026\/09\/01\/acuerdo-historico-para-que-las-futbolistas-puedan-congelar-sus-ovulos\/"},"modified":"2026-09-01T09:58:18","modified_gmt":"2026-09-01T09:58:18","slug":"acuerdo-historico-para-que-las-futbolistas-puedan-congelar-sus-ovulos","status":"publish","type":"post","link":"https:\/\/trayectoriadeportiva.com\/index.php\/2026\/09\/01\/acuerdo-historico-para-que-las-futbolistas-puedan-congelar-sus-ovulos\/","title":{"rendered":"Acuerdo hist\u00f3rico para que las futbolistas puedan congelar sus \u00f3vulos"},"content":{"rendered":"<p>La Federaci\u00f3n Espa\u00f1ola de F\u00fatbol ultima un acuerdo para que sus futbolistas puedan congelar los \u00f3vulos si quieren retrasar su maternidad. Una medida in\u00e9dita que se presentar\u00e1 a lo largo de este mismo mes, aunque Alexia Putellas fue quien dio la exclusiva al mencionarlo en una reciente entrevista en El Pa\u00eds Semanal.<\/p>\n<p><a href=\"https:\/\/www.lavanguardia.com\/deportes\/futbol-femenino\/20260901\/11624503\/acuerdo-historico-futbolistas-puedan-congelar-ovulos.html\">Seguir leyendo&#8230;<\/a><\/p>","protected":false},"excerpt":{"rendered":"<p>La Federaci\u00f3n Espa\u00f1ola de F\u00fatbol ultima un acuerdo para que sus futbolistas puedan congelar los \u00f3vulos si quieren retrasar su maternidad. Una medida in\u00e9dita que se presentar\u00e1 a lo largo de este mismo mes, aunque Alexia Putellas fue quien dio la exclusiva al mencionarlo en una reciente entrevista en El Pa\u00eds Semanal. Seguir leyendo&#8230;<\/p>\n","protected":false},"author":1,"featured_media":35145,"comment_status":"","ping_status":"","sticky":false,"template":"","format":"standard","meta":{"_et_pb_use_builder":"","_et_pb_old_content":"","_et_gb_content_width":"","footnotes":""},"categories":[1],"tags":[],"class_list":["post-35144","post","type-post","status-publish","format-standard","has-post-thumbnail","hentry","category-blog","et-has-post-format-content","et_post_format-et-post-format-standard"],"_links":{"self":[{"href":"https:\/\/trayectoriadeportiva.com\/index.php\/wp-json\/wp\/v2\/posts\/35144","targetHints":{"allow":["GET"]}}],"collection":[{"href":"https:\/\/trayectoriadeportiva.com\/index.php\/wp-json\/wp\/v2\/posts"}],"about":[{"href":"https:\/\/trayectoriadeportiva.com\/index.php\/wp-json\/wp\/v2\/types\/post"}],"author":[{"embeddable":true,"href":"https:\/\/trayectoriadeportiva.com\/index.php\/wp-json\/wp\/v2\/users\/1"}],"replies":[{"embeddable":true,"href":"https:\/\/trayectoriadeportiva.com\/index.php\/wp-json\/wp\/v2\/comments?post=35144"}],"version-history":[{"count":0,"href":"https:\/\/trayectoriadeportiva.com\/index.php\/wp-json\/wp\/v2\/posts\/35144\/revisions"}],"wp:featuredmedia":[{"embeddable":true,"href":"https:\/\/trayectoriadeportiva.com\/index.php\/wp-json\/wp\/v2\/media\/35145"}],"wp:attachment":[{"href":"https:\/\/trayectoriadeportiva.com\/index.php\/wp-json\/wp\/v2\/media?parent=35144"}],"wp:term":[{"taxonomy":"category","embeddable":true,"href":"https:\/\/trayectoriadeportiva.com\/index.php\/wp-json\/wp\/v2\/categories?post=35144"},{"taxonomy":"post_tag","embeddable":true,"href":"https:\/\/trayectoriadeportiva.com\/index.php\/wp-json\/wp\/v2\/tags?post=35144"}],"curies":[{"name":"wp","href":"https:\/\/api.w.org\/{rel}","templated":true}]}}