{"id":35150,"date":"2026-09-01T13:21:10","date_gmt":"2026-09-01T13:21:10","guid":{"rendered":"https:\/\/trayectoriadeportiva.com\/index.php\/2026\/09\/01\/gabriel-jesus-si-estoy-en-el-barca-es-porque-dios-tiene-un-plan-para-mi\/"},"modified":"2026-09-01T13:21:10","modified_gmt":"2026-09-01T13:21:10","slug":"gabriel-jesus-si-estoy-en-el-barca-es-porque-dios-tiene-un-plan-para-mi","status":"publish","type":"post","link":"https:\/\/trayectoriadeportiva.com\/index.php\/2026\/09\/01\/gabriel-jesus-si-estoy-en-el-barca-es-porque-dios-tiene-un-plan-para-mi\/","title":{"rendered":"Gabriel Jesus: \u201cSi estoy en el Bar\u00e7a es porque Dios tiene un plan para m\u00ed\u201d"},"content":{"rendered":"<p>\u201cBuenas tardes a todos. Voy a intentar hablar un poco en castellano porque aprend\u00ed y he jugado con muchos espa\u00f1oles. He estado con Pep Guardiola y con Mikel Arteta. Se han hecho las cosas muy r\u00e1pido. Todos me conocen. Vengo de dos a\u00f1os dif\u00edciles. Pero, aparte de eso, todos saben de mi calidad. Tengo muchas ganas de estar aqu\u00ed. Estoy ilusionado de estar en un club tan grande como el Barcelona. Quiero agradecer a Deco, a Flick y al presidente Laporta por la confianza. Y a Dios, que siempre ten\u00eda un plan para m\u00ed\u201d.<\/p>\n<p><a href=\"https:\/\/www.lavanguardia.com\/deportes\/fc-barcelona\/20260901\/11624747\/gabriel-jesus-barca-dios-plan-mi-presnetacion-firma-2029.html\">Seguir leyendo&#8230;<\/a><\/p>","protected":false},"excerpt":{"rendered":"<p>\u201cBuenas tardes a todos. Voy a intentar hablar un poco en castellano porque aprend\u00ed y he jugado con muchos espa\u00f1oles. He estado con Pep Guardiola y con Mikel Arteta. Se han hecho las cosas muy r\u00e1pido. Todos me conocen. Vengo de dos a\u00f1os dif\u00edciles. Pero, aparte de eso, todos saben de mi calidad. Tengo muchas [&hellip;]<\/p>\n","protected":false},"author":1,"featured_media":35151,"comment_status":"","ping_status":"","sticky":false,"template":"","format":"standard","meta":{"_et_pb_use_builder":"","_et_pb_old_content":"","_et_gb_content_width":"","footnotes":""},"categories":[1],"tags":[],"class_list":["post-35150","post","type-post","status-publish","format-standard","has-post-thumbnail","hentry","category-blog","et-has-post-format-content","et_post_format-et-post-format-standard"],"_links":{"self":[{"href":"https:\/\/trayectoriadeportiva.com\/index.php\/wp-json\/wp\/v2\/posts\/35150","targetHints":{"allow":["GET"]}}],"collection":[{"href":"https:\/\/trayectoriadeportiva.com\/index.php\/wp-json\/wp\/v2\/posts"}],"about":[{"href":"https:\/\/trayectoriadeportiva.com\/index.php\/wp-json\/wp\/v2\/types\/post"}],"author":[{"embeddable":true,"href":"https:\/\/trayectoriadeportiva.com\/index.php\/wp-json\/wp\/v2\/users\/1"}],"replies":[{"embeddable":true,"href":"https:\/\/trayectoriadeportiva.com\/index.php\/wp-json\/wp\/v2\/comments?post=35150"}],"version-history":[{"count":0,"href":"https:\/\/trayectoriadeportiva.com\/index.php\/wp-json\/wp\/v2\/posts\/35150\/revisions"}],"wp:featuredmedia":[{"embeddable":true,"href":"https:\/\/trayectoriadeportiva.com\/index.php\/wp-json\/wp\/v2\/media\/35151"}],"wp:attachment":[{"href":"https:\/\/trayectoriadeportiva.com\/index.php\/wp-json\/wp\/v2\/media?parent=35150"}],"wp:term":[{"taxonomy":"category","embeddable":true,"href":"https:\/\/trayectoriadeportiva.com\/index.php\/wp-json\/wp\/v2\/categories?post=35150"},{"taxonomy":"post_tag","embeddable":true,"href":"https:\/\/trayectoriadeportiva.com\/index.php\/wp-json\/wp\/v2\/tags?post=35150"}],"curies":[{"name":"wp","href":"https:\/\/api.w.org\/{rel}","templated":true}]}}