{"id":35152,"date":"2026-09-01T15:31:05","date_gmt":"2026-09-01T15:31:05","guid":{"rendered":"https:\/\/trayectoriadeportiva.com\/index.php\/2026\/09\/01\/la-curiosa-historia-de-como-la-madre-de-bellingham-unio-a-jude-con-mourinho\/"},"modified":"2026-09-01T15:31:05","modified_gmt":"2026-09-01T15:31:05","slug":"la-curiosa-historia-de-como-la-madre-de-bellingham-unio-a-jude-con-mourinho","status":"publish","type":"post","link":"https:\/\/trayectoriadeportiva.com\/index.php\/2026\/09\/01\/la-curiosa-historia-de-como-la-madre-de-bellingham-unio-a-jude-con-mourinho\/","title":{"rendered":"La curiosa historia de c\u00f3mo la madre de Bellingham uni\u00f3 a Jude con Mourinho"},"content":{"rendered":"<p>La relaci\u00f3n entre Jos\u00e9 Mourinho y Jude Bellingham atraviesa uno de sus mejores momentos. El ingl\u00e9s se ha convertido en una pieza fundamental del nuevo <a href=\"https:\/\/www.lavanguardia.com\/clic\/20260823\/11618540\/bellingham-courtois-desvelan-mote-le-han-puesto-carlos-espi-real-madrid-lol.html\">Real Madrid<\/a> del portugu\u00e9s, pero la conexi\u00f3n entre ambos comenz\u00f3 mucho antes de compartir vestuario. Y tuvo una protagonista inesperada: Denise Bellingham, la madre de Jude.<\/p>\n<p><a href=\"https:\/\/www.lavanguardia.com\/clic\/20260901\/11624645\/curiosa-historia-como-madre-bellingham-unio-jude-mourinho-lol.html\">Seguir leyendo&#8230;<\/a><\/p>","protected":false},"excerpt":{"rendered":"<p>La relaci\u00f3n entre Jos\u00e9 Mourinho y Jude Bellingham atraviesa uno de sus mejores momentos. El ingl\u00e9s se ha convertido en una pieza fundamental del nuevo Real Madrid del portugu\u00e9s, pero la conexi\u00f3n entre ambos comenz\u00f3 mucho antes de compartir vestuario. Y tuvo una protagonista inesperada: Denise Bellingham, la madre de Jude. Seguir leyendo&#8230;<\/p>\n","protected":false},"author":1,"featured_media":35153,"comment_status":"","ping_status":"","sticky":false,"template":"","format":"standard","meta":{"_et_pb_use_builder":"","_et_pb_old_content":"","_et_gb_content_width":"","footnotes":""},"categories":[1],"tags":[],"class_list":["post-35152","post","type-post","status-publish","format-standard","has-post-thumbnail","hentry","category-blog","et-has-post-format-content","et_post_format-et-post-format-standard"],"_links":{"self":[{"href":"https:\/\/trayectoriadeportiva.com\/index.php\/wp-json\/wp\/v2\/posts\/35152","targetHints":{"allow":["GET"]}}],"collection":[{"href":"https:\/\/trayectoriadeportiva.com\/index.php\/wp-json\/wp\/v2\/posts"}],"about":[{"href":"https:\/\/trayectoriadeportiva.com\/index.php\/wp-json\/wp\/v2\/types\/post"}],"author":[{"embeddable":true,"href":"https:\/\/trayectoriadeportiva.com\/index.php\/wp-json\/wp\/v2\/users\/1"}],"replies":[{"embeddable":true,"href":"https:\/\/trayectoriadeportiva.com\/index.php\/wp-json\/wp\/v2\/comments?post=35152"}],"version-history":[{"count":0,"href":"https:\/\/trayectoriadeportiva.com\/index.php\/wp-json\/wp\/v2\/posts\/35152\/revisions"}],"wp:featuredmedia":[{"embeddable":true,"href":"https:\/\/trayectoriadeportiva.com\/index.php\/wp-json\/wp\/v2\/media\/35153"}],"wp:attachment":[{"href":"https:\/\/trayectoriadeportiva.com\/index.php\/wp-json\/wp\/v2\/media?parent=35152"}],"wp:term":[{"taxonomy":"category","embeddable":true,"href":"https:\/\/trayectoriadeportiva.com\/index.php\/wp-json\/wp\/v2\/categories?post=35152"},{"taxonomy":"post_tag","embeddable":true,"href":"https:\/\/trayectoriadeportiva.com\/index.php\/wp-json\/wp\/v2\/tags?post=35152"}],"curies":[{"name":"wp","href":"https:\/\/api.w.org\/{rel}","templated":true}]}}