{"id":35154,"date":"2026-09-01T16:07:32","date_gmt":"2026-09-01T16:07:32","guid":{"rendered":"https:\/\/trayectoriadeportiva.com\/index.php\/2026\/09\/01\/el-kern-pharma-pelea-sin-suerte-en-los-despachos-y-en-las-etapas\/"},"modified":"2026-09-01T16:07:32","modified_gmt":"2026-09-01T16:07:32","slug":"el-kern-pharma-pelea-sin-suerte-en-los-despachos-y-en-las-etapas","status":"publish","type":"post","link":"https:\/\/trayectoriadeportiva.com\/index.php\/2026\/09\/01\/el-kern-pharma-pelea-sin-suerte-en-los-despachos-y-en-las-etapas\/","title":{"rendered":"El Kern Pharma pelea sin suerte en los despachos y en las etapas"},"content":{"rendered":"<p>El pelot\u00f3n de la Vuelta lo componen 18 equipos de Primera divisi\u00f3n (el World Tour) y cinco de la categor\u00eda Pro Team, la llamada segunda divisi\u00f3n. Tres de esos est\u00e1n clasificados por su puntuaci\u00f3n (Cofidis, Tudor y Pinarello) y la organizaci\u00f3n reparti\u00f3 sus dos invitaciones al Burgos y al Kern Pharma, que el a\u00f1o pasado se quedaron fuera por la alternancia con el Caja Rural y el Euskaltel.<\/p>\n<p><a href=\"https:\/\/www.lavanguardia.com\/deportes\/ciclismo\/20260901\/11624909\/kern-pharma-pelea-sin-suerte-en-despachos-y-en-etapas-vuelta.html\">Seguir leyendo&#8230;<\/a><\/p>","protected":false},"excerpt":{"rendered":"<p>El pelot\u00f3n de la Vuelta lo componen 18 equipos de Primera divisi\u00f3n (el World Tour) y cinco de la categor\u00eda Pro Team, la llamada segunda divisi\u00f3n. Tres de esos est\u00e1n clasificados por su puntuaci\u00f3n (Cofidis, Tudor y Pinarello) y la organizaci\u00f3n reparti\u00f3 sus dos invitaciones al Burgos y al Kern Pharma, que el a\u00f1o pasado [&hellip;]<\/p>\n","protected":false},"author":1,"featured_media":35155,"comment_status":"","ping_status":"","sticky":false,"template":"","format":"standard","meta":{"_et_pb_use_builder":"","_et_pb_old_content":"","_et_gb_content_width":"","footnotes":""},"categories":[1],"tags":[],"class_list":["post-35154","post","type-post","status-publish","format-standard","has-post-thumbnail","hentry","category-blog","et-has-post-format-content","et_post_format-et-post-format-standard"],"_links":{"self":[{"href":"https:\/\/trayectoriadeportiva.com\/index.php\/wp-json\/wp\/v2\/posts\/35154","targetHints":{"allow":["GET"]}}],"collection":[{"href":"https:\/\/trayectoriadeportiva.com\/index.php\/wp-json\/wp\/v2\/posts"}],"about":[{"href":"https:\/\/trayectoriadeportiva.com\/index.php\/wp-json\/wp\/v2\/types\/post"}],"author":[{"embeddable":true,"href":"https:\/\/trayectoriadeportiva.com\/index.php\/wp-json\/wp\/v2\/users\/1"}],"replies":[{"embeddable":true,"href":"https:\/\/trayectoriadeportiva.com\/index.php\/wp-json\/wp\/v2\/comments?post=35154"}],"version-history":[{"count":0,"href":"https:\/\/trayectoriadeportiva.com\/index.php\/wp-json\/wp\/v2\/posts\/35154\/revisions"}],"wp:featuredmedia":[{"embeddable":true,"href":"https:\/\/trayectoriadeportiva.com\/index.php\/wp-json\/wp\/v2\/media\/35155"}],"wp:attachment":[{"href":"https:\/\/trayectoriadeportiva.com\/index.php\/wp-json\/wp\/v2\/media?parent=35154"}],"wp:term":[{"taxonomy":"category","embeddable":true,"href":"https:\/\/trayectoriadeportiva.com\/index.php\/wp-json\/wp\/v2\/categories?post=35154"},{"taxonomy":"post_tag","embeddable":true,"href":"https:\/\/trayectoriadeportiva.com\/index.php\/wp-json\/wp\/v2\/tags?post=35154"}],"curies":[{"name":"wp","href":"https:\/\/api.w.org\/{rel}","templated":true}]}}