{"id":35158,"date":"2026-09-01T17:06:35","date_gmt":"2026-09-01T17:06:35","guid":{"rendered":"https:\/\/trayectoriadeportiva.com\/index.php\/2026\/09\/01\/el-primer-barca-madrid-del-curso-se-jugara-el-domingo-25-de-octubre-a-las-2100-horas\/"},"modified":"2026-09-01T17:06:35","modified_gmt":"2026-09-01T17:06:35","slug":"el-primer-barca-madrid-del-curso-se-jugara-el-domingo-25-de-octubre-a-las-2100-horas","status":"publish","type":"post","link":"https:\/\/trayectoriadeportiva.com\/index.php\/2026\/09\/01\/el-primer-barca-madrid-del-curso-se-jugara-el-domingo-25-de-octubre-a-las-2100-horas\/","title":{"rendered":"El primer Bar\u00e7a-Madrid del curso se jugar\u00e1 el domingo 25 de octubre a las 21:00 horas"},"content":{"rendered":"<p>El Bar\u00e7a-Madrid de la d\u00e9cima jornada de LaLiga EA Sports, el primer cl\u00e1sico espa\u00f1ol del curso 2026-27, se disputar\u00e1 el domingo 25 de octubre a las 21:00 horas en el Spotify Camp Nou, seg\u00fan ha confirmado este martes la competici\u00f3n.<\/p>\n<p><a href=\"https:\/\/www.lavanguardia.com\/deportes\/20260901\/11624936\/primer-barca-madrid-curso-jugara-domingo-25-octubre-21-00-horas.html\">Seguir leyendo&#8230;<\/a><\/p>","protected":false},"excerpt":{"rendered":"<p>El Bar\u00e7a-Madrid de la d\u00e9cima jornada de LaLiga EA Sports, el primer cl\u00e1sico espa\u00f1ol del curso 2026-27, se disputar\u00e1 el domingo 25 de octubre a las 21:00 horas en el Spotify Camp Nou, seg\u00fan ha confirmado este martes la competici\u00f3n. Seguir leyendo&#8230;<\/p>\n","protected":false},"author":1,"featured_media":35159,"comment_status":"","ping_status":"","sticky":false,"template":"","format":"standard","meta":{"_et_pb_use_builder":"","_et_pb_old_content":"","_et_gb_content_width":"","footnotes":""},"categories":[1],"tags":[],"class_list":["post-35158","post","type-post","status-publish","format-standard","has-post-thumbnail","hentry","category-blog","et-has-post-format-content","et_post_format-et-post-format-standard"],"_links":{"self":[{"href":"https:\/\/trayectoriadeportiva.com\/index.php\/wp-json\/wp\/v2\/posts\/35158","targetHints":{"allow":["GET"]}}],"collection":[{"href":"https:\/\/trayectoriadeportiva.com\/index.php\/wp-json\/wp\/v2\/posts"}],"about":[{"href":"https:\/\/trayectoriadeportiva.com\/index.php\/wp-json\/wp\/v2\/types\/post"}],"author":[{"embeddable":true,"href":"https:\/\/trayectoriadeportiva.com\/index.php\/wp-json\/wp\/v2\/users\/1"}],"replies":[{"embeddable":true,"href":"https:\/\/trayectoriadeportiva.com\/index.php\/wp-json\/wp\/v2\/comments?post=35158"}],"version-history":[{"count":0,"href":"https:\/\/trayectoriadeportiva.com\/index.php\/wp-json\/wp\/v2\/posts\/35158\/revisions"}],"wp:featuredmedia":[{"embeddable":true,"href":"https:\/\/trayectoriadeportiva.com\/index.php\/wp-json\/wp\/v2\/media\/35159"}],"wp:attachment":[{"href":"https:\/\/trayectoriadeportiva.com\/index.php\/wp-json\/wp\/v2\/media?parent=35158"}],"wp:term":[{"taxonomy":"category","embeddable":true,"href":"https:\/\/trayectoriadeportiva.com\/index.php\/wp-json\/wp\/v2\/categories?post=35158"},{"taxonomy":"post_tag","embeddable":true,"href":"https:\/\/trayectoriadeportiva.com\/index.php\/wp-json\/wp\/v2\/tags?post=35158"}],"curies":[{"name":"wp","href":"https:\/\/api.w.org\/{rel}","templated":true}]}}