{"id":35160,"date":"2026-09-01T18:52:21","date_gmt":"2026-09-01T18:52:21","guid":{"rendered":"https:\/\/trayectoriadeportiva.com\/index.php\/2026\/09\/01\/gorosabel-llega-cedido-y-ocupa-el-puesto-de-lateral-derecho-que-deja-ruben-sanchez\/"},"modified":"2026-09-01T18:52:21","modified_gmt":"2026-09-01T18:52:21","slug":"gorosabel-llega-cedido-y-ocupa-el-puesto-de-lateral-derecho-que-deja-ruben-sanchez","status":"publish","type":"post","link":"https:\/\/trayectoriadeportiva.com\/index.php\/2026\/09\/01\/gorosabel-llega-cedido-y-ocupa-el-puesto-de-lateral-derecho-que-deja-ruben-sanchez\/","title":{"rendered":"Gorosabel llega cedido y ocupa el puesto de lateral derecho que deja Rub\u00e9n S\u00e1nchez"},"content":{"rendered":"<p>En el Espanyol ha sido el primer mercado de Monchi como director general deportivo (fue anunciado en mayo) y el efecto tuvo impacto hasta el \u00faltimo d\u00eda. El andaluz confi\u00f3 en Manolo Gonz\u00e1lez y <a href=\"https:\/\/www.lavanguardia.com\/deportes\/rcde-espanyol\/20260828\/11621765\/manolo-gonzalez-aplaude-monchi-hecho-gran-mercado.html\">ha trabajado codo a codo con el t\u00e9cnico<\/a>. Aunque la guinda que redondeaba la plantilla fue <a href=\"https:\/\/www.lavanguardia.com\/deportes\/rcde-espanyol\/20260827\/11621195\/espanyol-regate-bryan-zaragoza-firma-sexto-club-cuatro-anos.html\">la incorporaci\u00f3n cedido de Bryan Zaragoza<\/a>, el extremo que da un salto al ataque periquito, la \u00faltima operaci\u00f3n fue para apuntalar la defensa.<\/p>\n<p><a href=\"https:\/\/www.lavanguardia.com\/deportes\/rcde-espanyol\/20260901\/11624991\/gorosabel-llega-cedido-ocupa-puesto-lateral-derecho-deja-ruben-sanchez.html\">Seguir leyendo&#8230;<\/a><\/p>","protected":false},"excerpt":{"rendered":"<p>En el Espanyol ha sido el primer mercado de Monchi como director general deportivo (fue anunciado en mayo) y el efecto tuvo impacto hasta el \u00faltimo d\u00eda. El andaluz confi\u00f3 en Manolo Gonz\u00e1lez y ha trabajado codo a codo con el t\u00e9cnico. Aunque la guinda que redondeaba la plantilla fue la incorporaci\u00f3n cedido de Bryan [&hellip;]<\/p>\n","protected":false},"author":1,"featured_media":35161,"comment_status":"","ping_status":"","sticky":false,"template":"","format":"standard","meta":{"_et_pb_use_builder":"","_et_pb_old_content":"","_et_gb_content_width":"","footnotes":""},"categories":[1],"tags":[],"class_list":["post-35160","post","type-post","status-publish","format-standard","has-post-thumbnail","hentry","category-blog","et-has-post-format-content","et_post_format-et-post-format-standard"],"_links":{"self":[{"href":"https:\/\/trayectoriadeportiva.com\/index.php\/wp-json\/wp\/v2\/posts\/35160","targetHints":{"allow":["GET"]}}],"collection":[{"href":"https:\/\/trayectoriadeportiva.com\/index.php\/wp-json\/wp\/v2\/posts"}],"about":[{"href":"https:\/\/trayectoriadeportiva.com\/index.php\/wp-json\/wp\/v2\/types\/post"}],"author":[{"embeddable":true,"href":"https:\/\/trayectoriadeportiva.com\/index.php\/wp-json\/wp\/v2\/users\/1"}],"replies":[{"embeddable":true,"href":"https:\/\/trayectoriadeportiva.com\/index.php\/wp-json\/wp\/v2\/comments?post=35160"}],"version-history":[{"count":0,"href":"https:\/\/trayectoriadeportiva.com\/index.php\/wp-json\/wp\/v2\/posts\/35160\/revisions"}],"wp:featuredmedia":[{"embeddable":true,"href":"https:\/\/trayectoriadeportiva.com\/index.php\/wp-json\/wp\/v2\/media\/35161"}],"wp:attachment":[{"href":"https:\/\/trayectoriadeportiva.com\/index.php\/wp-json\/wp\/v2\/media?parent=35160"}],"wp:term":[{"taxonomy":"category","embeddable":true,"href":"https:\/\/trayectoriadeportiva.com\/index.php\/wp-json\/wp\/v2\/categories?post=35160"},{"taxonomy":"post_tag","embeddable":true,"href":"https:\/\/trayectoriadeportiva.com\/index.php\/wp-json\/wp\/v2\/tags?post=35160"}],"curies":[{"name":"wp","href":"https:\/\/api.w.org\/{rel}","templated":true}]}}