{"id":35162,"date":"2026-09-01T20:06:33","date_gmt":"2026-09-01T20:06:33","guid":{"rendered":"https:\/\/trayectoriadeportiva.com\/index.php\/2026\/09\/01\/el-real-madrid-tras-la-decision-de-rudiger-de-dejar-la-seleccion-alemana\/"},"modified":"2026-09-01T20:06:33","modified_gmt":"2026-09-01T20:06:33","slug":"el-real-madrid-tras-la-decision-de-rudiger-de-dejar-la-seleccion-alemana","status":"publish","type":"post","link":"https:\/\/trayectoriadeportiva.com\/index.php\/2026\/09\/01\/el-real-madrid-tras-la-decision-de-rudiger-de-dejar-la-seleccion-alemana\/","title":{"rendered":"El Real Madrid, tras la decisi\u00f3n de R\u00fcdiger de dejar la selecci\u00f3n alemana"},"content":{"rendered":"<p>Antonio R\u00fcdiger ha tomado una decisi\u00f3n que afecta directamente al Real Madrid. A sus 33 a\u00f1os, el defensa ha anunciado este martes su retirada de la selecci\u00f3n alemana despu\u00e9s de 12 a\u00f1os como internacional y ha dejado claro que, a partir de ahora, toda su atenci\u00f3n estar\u00e1 puesta en el <a href=\"https:\/\/www.lavanguardia.com\/clic\/20260819\/11616477\/mourinho-revela-que-jugador-real-madrid-le-dejado-ojo-morado-sido-convocado-ultimo-partido-lol.html\">conjunto blanco<\/a>.<\/p>\n<p><a href=\"https:\/\/www.lavanguardia.com\/clic\/20260901\/11625017\/real-madrid-decision-ruediger-dejar-seleccion-alemana-lol.html\">Seguir leyendo&#8230;<\/a><\/p>","protected":false},"excerpt":{"rendered":"<p>Antonio R\u00fcdiger ha tomado una decisi\u00f3n que afecta directamente al Real Madrid. A sus 33 a\u00f1os, el defensa ha anunciado este martes su retirada de la selecci\u00f3n alemana despu\u00e9s de 12 a\u00f1os como internacional y ha dejado claro que, a partir de ahora, toda su atenci\u00f3n estar\u00e1 puesta en el conjunto blanco. Seguir leyendo&#8230;<\/p>\n","protected":false},"author":1,"featured_media":35163,"comment_status":"","ping_status":"","sticky":false,"template":"","format":"standard","meta":{"_et_pb_use_builder":"","_et_pb_old_content":"","_et_gb_content_width":"","footnotes":""},"categories":[1],"tags":[],"class_list":["post-35162","post","type-post","status-publish","format-standard","has-post-thumbnail","hentry","category-blog","et-has-post-format-content","et_post_format-et-post-format-standard"],"_links":{"self":[{"href":"https:\/\/trayectoriadeportiva.com\/index.php\/wp-json\/wp\/v2\/posts\/35162","targetHints":{"allow":["GET"]}}],"collection":[{"href":"https:\/\/trayectoriadeportiva.com\/index.php\/wp-json\/wp\/v2\/posts"}],"about":[{"href":"https:\/\/trayectoriadeportiva.com\/index.php\/wp-json\/wp\/v2\/types\/post"}],"author":[{"embeddable":true,"href":"https:\/\/trayectoriadeportiva.com\/index.php\/wp-json\/wp\/v2\/users\/1"}],"replies":[{"embeddable":true,"href":"https:\/\/trayectoriadeportiva.com\/index.php\/wp-json\/wp\/v2\/comments?post=35162"}],"version-history":[{"count":0,"href":"https:\/\/trayectoriadeportiva.com\/index.php\/wp-json\/wp\/v2\/posts\/35162\/revisions"}],"wp:featuredmedia":[{"embeddable":true,"href":"https:\/\/trayectoriadeportiva.com\/index.php\/wp-json\/wp\/v2\/media\/35163"}],"wp:attachment":[{"href":"https:\/\/trayectoriadeportiva.com\/index.php\/wp-json\/wp\/v2\/media?parent=35162"}],"wp:term":[{"taxonomy":"category","embeddable":true,"href":"https:\/\/trayectoriadeportiva.com\/index.php\/wp-json\/wp\/v2\/categories?post=35162"},{"taxonomy":"post_tag","embeddable":true,"href":"https:\/\/trayectoriadeportiva.com\/index.php\/wp-json\/wp\/v2\/tags?post=35162"}],"curies":[{"name":"wp","href":"https:\/\/api.w.org\/{rel}","templated":true}]}}