{"id":35164,"date":"2026-09-01T21:19:01","date_gmt":"2026-09-01T21:19:01","guid":{"rendered":"https:\/\/trayectoriadeportiva.com\/index.php\/2026\/09\/01\/noche-frenetica-con-marc-casado-que-se-marchara-cedido-al-deportivo-de-la-coruna\/"},"modified":"2026-09-01T21:19:01","modified_gmt":"2026-09-01T21:19:01","slug":"noche-frenetica-con-marc-casado-que-se-marchara-cedido-al-deportivo-de-la-coruna","status":"publish","type":"post","link":"https:\/\/trayectoriadeportiva.com\/index.php\/2026\/09\/01\/noche-frenetica-con-marc-casado-que-se-marchara-cedido-al-deportivo-de-la-coruna\/","title":{"rendered":"Noche fren\u00e9tica con Marc Casad\u00f3, que se marchar\u00e1 cedido al Deportivo de La Coru\u00f1a"},"content":{"rendered":"<p>Marc Casad\u00f3 fue el \u00faltimo en despedirse del Barcelona. Le cost\u00f3 mucho. El canterano, que habl\u00f3 con Flick en junio y que llevaba dos semanas apartado del grupo, se march\u00f3 in extremis, sobre la bocina, cedido, al Deportivo de La Coru\u00f1a en una operaci\u00f3n que alcanz\u00f3 el acuerdo verbal a las 23.00 horas. El Bar\u00e7a, que pretend\u00eda ingresar 30 millones por el centrocampista, estuvo hasta el \u00faltimo instante negociando para incluir una opci\u00f3n de compra obligatoria por esa cantidad.\u00a0<\/p>\n<p><a href=\"https:\/\/www.lavanguardia.com\/deportes\/futbol\/20260901\/11625024\/noche-frenetica-marc-casado-marchara-cedido-deportivo-coruna.html\">Seguir leyendo&#8230;<\/a><\/p>","protected":false},"excerpt":{"rendered":"<p>Marc Casad\u00f3 fue el \u00faltimo en despedirse del Barcelona. Le cost\u00f3 mucho. El canterano, que habl\u00f3 con Flick en junio y que llevaba dos semanas apartado del grupo, se march\u00f3 in extremis, sobre la bocina, cedido, al Deportivo de La Coru\u00f1a en una operaci\u00f3n que alcanz\u00f3 el acuerdo verbal a las 23.00 horas. El Bar\u00e7a, [&hellip;]<\/p>\n","protected":false},"author":1,"featured_media":35165,"comment_status":"","ping_status":"","sticky":false,"template":"","format":"standard","meta":{"_et_pb_use_builder":"","_et_pb_old_content":"","_et_gb_content_width":"","footnotes":""},"categories":[1],"tags":[],"class_list":["post-35164","post","type-post","status-publish","format-standard","has-post-thumbnail","hentry","category-blog","et-has-post-format-content","et_post_format-et-post-format-standard"],"_links":{"self":[{"href":"https:\/\/trayectoriadeportiva.com\/index.php\/wp-json\/wp\/v2\/posts\/35164","targetHints":{"allow":["GET"]}}],"collection":[{"href":"https:\/\/trayectoriadeportiva.com\/index.php\/wp-json\/wp\/v2\/posts"}],"about":[{"href":"https:\/\/trayectoriadeportiva.com\/index.php\/wp-json\/wp\/v2\/types\/post"}],"author":[{"embeddable":true,"href":"https:\/\/trayectoriadeportiva.com\/index.php\/wp-json\/wp\/v2\/users\/1"}],"replies":[{"embeddable":true,"href":"https:\/\/trayectoriadeportiva.com\/index.php\/wp-json\/wp\/v2\/comments?post=35164"}],"version-history":[{"count":0,"href":"https:\/\/trayectoriadeportiva.com\/index.php\/wp-json\/wp\/v2\/posts\/35164\/revisions"}],"wp:featuredmedia":[{"embeddable":true,"href":"https:\/\/trayectoriadeportiva.com\/index.php\/wp-json\/wp\/v2\/media\/35165"}],"wp:attachment":[{"href":"https:\/\/trayectoriadeportiva.com\/index.php\/wp-json\/wp\/v2\/media?parent=35164"}],"wp:term":[{"taxonomy":"category","embeddable":true,"href":"https:\/\/trayectoriadeportiva.com\/index.php\/wp-json\/wp\/v2\/categories?post=35164"},{"taxonomy":"post_tag","embeddable":true,"href":"https:\/\/trayectoriadeportiva.com\/index.php\/wp-json\/wp\/v2\/tags?post=35164"}],"curies":[{"name":"wp","href":"https:\/\/api.w.org\/{rel}","templated":true}]}}