{"id":35166,"date":"2026-09-01T22:09:51","date_gmt":"2026-09-01T22:09:51","guid":{"rendered":"https:\/\/trayectoriadeportiva.com\/index.php\/2026\/09\/01\/el-city-se-gasta-215-millones-en-un-dia-por-enzo-fernandez-y-ndiaye\/"},"modified":"2026-09-01T22:09:51","modified_gmt":"2026-09-01T22:09:51","slug":"el-city-se-gasta-215-millones-en-un-dia-por-enzo-fernandez-y-ndiaye","status":"publish","type":"post","link":"https:\/\/trayectoriadeportiva.com\/index.php\/2026\/09\/01\/el-city-se-gasta-215-millones-en-un-dia-por-enzo-fernandez-y-ndiaye\/","title":{"rendered":"El City se gasta 215 millones en un d\u00eda por Enzo Fern\u00e1ndez y Ndiaye"},"content":{"rendered":"<p>El Manchester City no ha escatimado en dinero para la primera temporada sin Guardiola en el banquillo. Maresca no podr\u00e1 decir que no le han dado mimbres para desbancar al Arsenal en la Premier. En el \u00faltimo d\u00eda de mercado, el City se gast\u00f3 m\u00e1s de 215 millones de euros. 148 millones desembols\u00f3 al Chelsea por su capit\u00e1n Enzo Fern\u00e1ndez, convertido en el m\u00e1s caro del verano ya que supera los 145 del Liverpool por Barcola. Es el segundo traspaso de tres cifras para Enzo al que el Chelsea fich\u00f3 en enero del 2023 por 120 millones -jugaba en el Benfica- despu\u00e9s de que ganase el Mundial de Qatar.<\/p>\n<p><a href=\"https:\/\/www.lavanguardia.com\/deportes\/futbol\/20260902\/11625032\/city-gasta-215-millones-dia-enzo-fernandez-ndiaye.html\">Seguir leyendo&#8230;<\/a><\/p>","protected":false},"excerpt":{"rendered":"<p>El Manchester City no ha escatimado en dinero para la primera temporada sin Guardiola en el banquillo. Maresca no podr\u00e1 decir que no le han dado mimbres para desbancar al Arsenal en la Premier. En el \u00faltimo d\u00eda de mercado, el City se gast\u00f3 m\u00e1s de 215 millones de euros. 148 millones desembols\u00f3 al Chelsea [&hellip;]<\/p>\n","protected":false},"author":1,"featured_media":35167,"comment_status":"","ping_status":"","sticky":false,"template":"","format":"standard","meta":{"_et_pb_use_builder":"","_et_pb_old_content":"","_et_gb_content_width":"","footnotes":""},"categories":[1],"tags":[],"class_list":["post-35166","post","type-post","status-publish","format-standard","has-post-thumbnail","hentry","category-blog","et-has-post-format-content","et_post_format-et-post-format-standard"],"_links":{"self":[{"href":"https:\/\/trayectoriadeportiva.com\/index.php\/wp-json\/wp\/v2\/posts\/35166","targetHints":{"allow":["GET"]}}],"collection":[{"href":"https:\/\/trayectoriadeportiva.com\/index.php\/wp-json\/wp\/v2\/posts"}],"about":[{"href":"https:\/\/trayectoriadeportiva.com\/index.php\/wp-json\/wp\/v2\/types\/post"}],"author":[{"embeddable":true,"href":"https:\/\/trayectoriadeportiva.com\/index.php\/wp-json\/wp\/v2\/users\/1"}],"replies":[{"embeddable":true,"href":"https:\/\/trayectoriadeportiva.com\/index.php\/wp-json\/wp\/v2\/comments?post=35166"}],"version-history":[{"count":0,"href":"https:\/\/trayectoriadeportiva.com\/index.php\/wp-json\/wp\/v2\/posts\/35166\/revisions"}],"wp:featuredmedia":[{"embeddable":true,"href":"https:\/\/trayectoriadeportiva.com\/index.php\/wp-json\/wp\/v2\/media\/35167"}],"wp:attachment":[{"href":"https:\/\/trayectoriadeportiva.com\/index.php\/wp-json\/wp\/v2\/media?parent=35166"}],"wp:term":[{"taxonomy":"category","embeddable":true,"href":"https:\/\/trayectoriadeportiva.com\/index.php\/wp-json\/wp\/v2\/categories?post=35166"},{"taxonomy":"post_tag","embeddable":true,"href":"https:\/\/trayectoriadeportiva.com\/index.php\/wp-json\/wp\/v2\/tags?post=35166"}],"curies":[{"name":"wp","href":"https:\/\/api.w.org\/{rel}","templated":true}]}}