{"id":35170,"date":"2026-09-02T09:03:55","date_gmt":"2026-09-02T09:03:55","guid":{"rendered":"https:\/\/trayectoriadeportiva.com\/index.php\/2026\/09\/02\/congelacion-de-ovulos-en-el-futbol-medida-necesaria-o-machista\/"},"modified":"2026-09-02T09:03:55","modified_gmt":"2026-09-02T09:03:55","slug":"congelacion-de-ovulos-en-el-futbol-medida-necesaria-o-machista","status":"publish","type":"post","link":"https:\/\/trayectoriadeportiva.com\/index.php\/2026\/09\/02\/congelacion-de-ovulos-en-el-futbol-medida-necesaria-o-machista\/","title":{"rendered":"Congelaci\u00f3n de \u00f3vulos en el f\u00fatbol: \u00bfmedida necesaria, o machista?"},"content":{"rendered":"<p>Maternidad y f\u00fatbol siempre han sido dos cuestiones rodeadas de conflicto. En los \u00faltimos a\u00f1os se ha avanzado de manera notable en la conciliaci\u00f3n de estos dos mundos, aunque la realidad es que a\u00fan queda much\u00edsimo trabajo por hacer. El reciente acuerdo de la Federaci\u00f3n Espa\u00f1ola para facilitar la congelaci\u00f3n de \u00f3vulos a las futbolistas internacionales que deseen retrasar su maternidad ha sido recibido con controversia. Mientras algunas aplauden una medida que consideran \u201cbeneficiosa\u201d y \u201cpositiva\u201d, otras deportistas han sido m\u00e1s cr\u00edticas llegando a tacharla de \u201cmachista\u201d.<\/p>\n<p><a href=\"https:\/\/www.lavanguardia.com\/deportes\/futbol-femenino\/20260902\/11625357\/congelacion-ovulos-futbol-medida-necesaria-machista.html\">Seguir leyendo&#8230;<\/a><\/p>","protected":false},"excerpt":{"rendered":"<p>Maternidad y f\u00fatbol siempre han sido dos cuestiones rodeadas de conflicto. En los \u00faltimos a\u00f1os se ha avanzado de manera notable en la conciliaci\u00f3n de estos dos mundos, aunque la realidad es que a\u00fan queda much\u00edsimo trabajo por hacer. El reciente acuerdo de la Federaci\u00f3n Espa\u00f1ola para facilitar la congelaci\u00f3n de \u00f3vulos a las futbolistas [&hellip;]<\/p>\n","protected":false},"author":1,"featured_media":35171,"comment_status":"","ping_status":"","sticky":false,"template":"","format":"standard","meta":{"_et_pb_use_builder":"","_et_pb_old_content":"","_et_gb_content_width":"","footnotes":""},"categories":[1],"tags":[],"class_list":["post-35170","post","type-post","status-publish","format-standard","has-post-thumbnail","hentry","category-blog","et-has-post-format-content","et_post_format-et-post-format-standard"],"_links":{"self":[{"href":"https:\/\/trayectoriadeportiva.com\/index.php\/wp-json\/wp\/v2\/posts\/35170","targetHints":{"allow":["GET"]}}],"collection":[{"href":"https:\/\/trayectoriadeportiva.com\/index.php\/wp-json\/wp\/v2\/posts"}],"about":[{"href":"https:\/\/trayectoriadeportiva.com\/index.php\/wp-json\/wp\/v2\/types\/post"}],"author":[{"embeddable":true,"href":"https:\/\/trayectoriadeportiva.com\/index.php\/wp-json\/wp\/v2\/users\/1"}],"replies":[{"embeddable":true,"href":"https:\/\/trayectoriadeportiva.com\/index.php\/wp-json\/wp\/v2\/comments?post=35170"}],"version-history":[{"count":0,"href":"https:\/\/trayectoriadeportiva.com\/index.php\/wp-json\/wp\/v2\/posts\/35170\/revisions"}],"wp:featuredmedia":[{"embeddable":true,"href":"https:\/\/trayectoriadeportiva.com\/index.php\/wp-json\/wp\/v2\/media\/35171"}],"wp:attachment":[{"href":"https:\/\/trayectoriadeportiva.com\/index.php\/wp-json\/wp\/v2\/media?parent=35170"}],"wp:term":[{"taxonomy":"category","embeddable":true,"href":"https:\/\/trayectoriadeportiva.com\/index.php\/wp-json\/wp\/v2\/categories?post=35170"},{"taxonomy":"post_tag","embeddable":true,"href":"https:\/\/trayectoriadeportiva.com\/index.php\/wp-json\/wp\/v2\/tags?post=35170"}],"curies":[{"name":"wp","href":"https:\/\/api.w.org\/{rel}","templated":true}]}}