{"id":35172,"date":"2026-09-02T08:45:51","date_gmt":"2026-09-02T08:45:51","guid":{"rendered":"https:\/\/trayectoriadeportiva.com\/index.php\/2026\/09\/02\/raul-asencio-condenado-por-conducir-borracho-y-casi-cuadruplicar-la-tasa-de-alcohol\/"},"modified":"2026-09-02T08:45:51","modified_gmt":"2026-09-02T08:45:51","slug":"raul-asencio-condenado-por-conducir-borracho-y-casi-cuadruplicar-la-tasa-de-alcohol","status":"publish","type":"post","link":"https:\/\/trayectoriadeportiva.com\/index.php\/2026\/09\/02\/raul-asencio-condenado-por-conducir-borracho-y-casi-cuadruplicar-la-tasa-de-alcohol\/","title":{"rendered":"Ra\u00fal Asencio, condenado por conducir borracho y casi cuadruplicar la tasa de alcohol"},"content":{"rendered":"<p>El central del Real Madrid <a href=\"https:\/\/www.lavanguardia.com\/politica\/20260731\/11605268\/juez-ordena-proseguir-investigacion-futbolistas-grabaron-sexo-menores.html\">Ra\u00fal Asencio<\/a> sigue encadenando problemas con la justicia. El pasado 19 de agosto \u2014dos semanas antes de que empiece el juicio por los delitos de pornograf\u00eda infantil y revelaci\u00f3n de secretos por la difusi\u00f3n de un video sexual de una menor\u2014 el jugador fue condenado por conducir bajo los efectos del alcohol en\u00a0el sur de Gran Canaria, tal y como ha adelantado el medio local <i>Atl\u00e1ntico hoy<\/i>.<\/p>\n<p><a href=\"https:\/\/www.lavanguardia.com\/deportes\/real-madrid\/20260902\/11625343\/raul-asencio-condenado-conducir-borracho-cuadruplicar-tasa-alcohol.html\">Seguir leyendo&#8230;<\/a><\/p>","protected":false},"excerpt":{"rendered":"<p>El central del Real Madrid Ra\u00fal Asencio sigue encadenando problemas con la justicia. El pasado 19 de agosto \u2014dos semanas antes de que empiece el juicio por los delitos de pornograf\u00eda infantil y revelaci\u00f3n de secretos por la difusi\u00f3n de un video sexual de una menor\u2014 el jugador fue condenado por conducir bajo los efectos [&hellip;]<\/p>\n","protected":false},"author":1,"featured_media":35173,"comment_status":"","ping_status":"","sticky":false,"template":"","format":"standard","meta":{"_et_pb_use_builder":"","_et_pb_old_content":"","_et_gb_content_width":"","footnotes":""},"categories":[1],"tags":[],"class_list":["post-35172","post","type-post","status-publish","format-standard","has-post-thumbnail","hentry","category-blog","et-has-post-format-content","et_post_format-et-post-format-standard"],"_links":{"self":[{"href":"https:\/\/trayectoriadeportiva.com\/index.php\/wp-json\/wp\/v2\/posts\/35172","targetHints":{"allow":["GET"]}}],"collection":[{"href":"https:\/\/trayectoriadeportiva.com\/index.php\/wp-json\/wp\/v2\/posts"}],"about":[{"href":"https:\/\/trayectoriadeportiva.com\/index.php\/wp-json\/wp\/v2\/types\/post"}],"author":[{"embeddable":true,"href":"https:\/\/trayectoriadeportiva.com\/index.php\/wp-json\/wp\/v2\/users\/1"}],"replies":[{"embeddable":true,"href":"https:\/\/trayectoriadeportiva.com\/index.php\/wp-json\/wp\/v2\/comments?post=35172"}],"version-history":[{"count":0,"href":"https:\/\/trayectoriadeportiva.com\/index.php\/wp-json\/wp\/v2\/posts\/35172\/revisions"}],"wp:featuredmedia":[{"embeddable":true,"href":"https:\/\/trayectoriadeportiva.com\/index.php\/wp-json\/wp\/v2\/media\/35173"}],"wp:attachment":[{"href":"https:\/\/trayectoriadeportiva.com\/index.php\/wp-json\/wp\/v2\/media?parent=35172"}],"wp:term":[{"taxonomy":"category","embeddable":true,"href":"https:\/\/trayectoriadeportiva.com\/index.php\/wp-json\/wp\/v2\/categories?post=35172"},{"taxonomy":"post_tag","embeddable":true,"href":"https:\/\/trayectoriadeportiva.com\/index.php\/wp-json\/wp\/v2\/tags?post=35172"}],"curies":[{"name":"wp","href":"https:\/\/api.w.org\/{rel}","templated":true}]}}