{"id":35176,"date":"2026-09-02T09:41:08","date_gmt":"2026-09-02T09:41:08","guid":{"rendered":"https:\/\/trayectoriadeportiva.com\/index.php\/2026\/09\/02\/el-video-de-pablo-garcia-llorando-desconsoladamente-con-su-madre-tras-ser-traspasado-por-el-betis-al-racing\/"},"modified":"2026-09-02T09:41:08","modified_gmt":"2026-09-02T09:41:08","slug":"el-video-de-pablo-garcia-llorando-desconsoladamente-con-su-madre-tras-ser-traspasado-por-el-betis-al-racing","status":"publish","type":"post","link":"https:\/\/trayectoriadeportiva.com\/index.php\/2026\/09\/02\/el-video-de-pablo-garcia-llorando-desconsoladamente-con-su-madre-tras-ser-traspasado-por-el-betis-al-racing\/","title":{"rendered":"El v\u00eddeo de Pablo Garc\u00eda llorando desconsoladamente con su madre tras ser traspasado por el Betis al Racing"},"content":{"rendered":"<p>Pablo Garc\u00eda protagoniz\u00f3 una de las im\u00e1genes m\u00e1s emotivas del cierre del mercado de fichajes. Despu\u00e9s de 15 a\u00f1os vinculado al Betis, el atacante de 20 a\u00f1os abandon\u00f3 la ciudad deportiva completamente roto tras confirmarse su traspaso al <a href=\"https:\/\/www.lavanguardia.com\/clic\/20260828\/11621995\/yassir-zabiri-delantero-racing-destrozado-elche-tres-goles-21-minutos-lol.html\">Racing de Santander<\/a>.<\/p>\n<p><a href=\"https:\/\/www.lavanguardia.com\/clic\/20260902\/11625359\/video-pablo-garcia-llorando-desconsoladamente-madre-traspasado-betis-racing-lol.html\">Seguir leyendo&#8230;<\/a><\/p>","protected":false},"excerpt":{"rendered":"<p>Pablo Garc\u00eda protagoniz\u00f3 una de las im\u00e1genes m\u00e1s emotivas del cierre del mercado de fichajes. Despu\u00e9s de 15 a\u00f1os vinculado al Betis, el atacante de 20 a\u00f1os abandon\u00f3 la ciudad deportiva completamente roto tras confirmarse su traspaso al Racing de Santander. Seguir leyendo&#8230;<\/p>\n","protected":false},"author":1,"featured_media":35177,"comment_status":"","ping_status":"","sticky":false,"template":"","format":"standard","meta":{"_et_pb_use_builder":"","_et_pb_old_content":"","_et_gb_content_width":"","footnotes":""},"categories":[1],"tags":[],"class_list":["post-35176","post","type-post","status-publish","format-standard","has-post-thumbnail","hentry","category-blog","et-has-post-format-content","et_post_format-et-post-format-standard"],"_links":{"self":[{"href":"https:\/\/trayectoriadeportiva.com\/index.php\/wp-json\/wp\/v2\/posts\/35176","targetHints":{"allow":["GET"]}}],"collection":[{"href":"https:\/\/trayectoriadeportiva.com\/index.php\/wp-json\/wp\/v2\/posts"}],"about":[{"href":"https:\/\/trayectoriadeportiva.com\/index.php\/wp-json\/wp\/v2\/types\/post"}],"author":[{"embeddable":true,"href":"https:\/\/trayectoriadeportiva.com\/index.php\/wp-json\/wp\/v2\/users\/1"}],"replies":[{"embeddable":true,"href":"https:\/\/trayectoriadeportiva.com\/index.php\/wp-json\/wp\/v2\/comments?post=35176"}],"version-history":[{"count":0,"href":"https:\/\/trayectoriadeportiva.com\/index.php\/wp-json\/wp\/v2\/posts\/35176\/revisions"}],"wp:featuredmedia":[{"embeddable":true,"href":"https:\/\/trayectoriadeportiva.com\/index.php\/wp-json\/wp\/v2\/media\/35177"}],"wp:attachment":[{"href":"https:\/\/trayectoriadeportiva.com\/index.php\/wp-json\/wp\/v2\/media?parent=35176"}],"wp:term":[{"taxonomy":"category","embeddable":true,"href":"https:\/\/trayectoriadeportiva.com\/index.php\/wp-json\/wp\/v2\/categories?post=35176"},{"taxonomy":"post_tag","embeddable":true,"href":"https:\/\/trayectoriadeportiva.com\/index.php\/wp-json\/wp\/v2\/tags?post=35176"}],"curies":[{"name":"wp","href":"https:\/\/api.w.org\/{rel}","templated":true}]}}