{"id":35178,"date":"2026-09-02T12:18:42","date_gmt":"2026-09-02T12:18:42","guid":{"rendered":"https:\/\/trayectoriadeportiva.com\/index.php\/2026\/09\/02\/marc-casado-dejar-el-barca-siempre-es-complicado-todos-tenemos-cosas-a-mejorar\/"},"modified":"2026-09-02T12:18:42","modified_gmt":"2026-09-02T12:18:42","slug":"marc-casado-dejar-el-barca-siempre-es-complicado-todos-tenemos-cosas-a-mejorar","status":"publish","type":"post","link":"https:\/\/trayectoriadeportiva.com\/index.php\/2026\/09\/02\/marc-casado-dejar-el-barca-siempre-es-complicado-todos-tenemos-cosas-a-mejorar\/","title":{"rendered":"Marc Casad\u00f3: \u201cDejar el Bar\u00e7a siempre es complicado; todos tenemos cosas a mejorar\u201d"},"content":{"rendered":"<p>Marc Casad\u00f3 ha vivido un final de mercado intenso. El canterano, <a href=\"https:\/\/www.lavanguardia.com\/deportes\/fc-barcelona\/20260709\/11587629\/marc-casado-he-hablado-flick-reportaje-la-vanguardia-campus-molins-de-rei-futuro-barca.html\">que habl\u00f3 con Hansi Flick en junio y en agosto y que llevaba dos semanas apartado del grupo, s<\/a>e march\u00f3 in extremis cedido al Deportivo de La Coru\u00f1a con una opci\u00f3n de compra no obligatoria por 30 millones. Se marcha en busca de minutos. Para tres puestos de la medular hay siete jugadores: Pedri, Gavi, De Jong, Bernal, Ferm\u00edn, Olmo y Rodri. Tuvo el inter\u00e9s de equipos como el Leverkusen del t\u00e9cnico formado en el Bar\u00e7a Carles Mart\u00ednez y rechaz\u00f3 rotundamente marcharse a Arabia (tiene 22 a\u00f1os y no le encajaba en su carrera), y as\u00ed se lo traslad\u00f3 a Jorge Mendes.\u00a0<\/p>\n<p><a href=\"https:\/\/www.lavanguardia.com\/deportes\/fc-barcelona\/20260902\/11625564\/marc-casado-dejar-barca-siempre-complicado-todos-cosas-mejorar.html\">Seguir leyendo&#8230;<\/a><\/p>","protected":false},"excerpt":{"rendered":"<p>Marc Casad\u00f3 ha vivido un final de mercado intenso. El canterano, que habl\u00f3 con Hansi Flick en junio y en agosto y que llevaba dos semanas apartado del grupo, se march\u00f3 in extremis cedido al Deportivo de La Coru\u00f1a con una opci\u00f3n de compra no obligatoria por 30 millones. Se marcha en busca de minutos. [&hellip;]<\/p>\n","protected":false},"author":1,"featured_media":35179,"comment_status":"","ping_status":"","sticky":false,"template":"","format":"standard","meta":{"_et_pb_use_builder":"","_et_pb_old_content":"","_et_gb_content_width":"","footnotes":""},"categories":[1],"tags":[],"class_list":["post-35178","post","type-post","status-publish","format-standard","has-post-thumbnail","hentry","category-blog","et-has-post-format-content","et_post_format-et-post-format-standard"],"_links":{"self":[{"href":"https:\/\/trayectoriadeportiva.com\/index.php\/wp-json\/wp\/v2\/posts\/35178","targetHints":{"allow":["GET"]}}],"collection":[{"href":"https:\/\/trayectoriadeportiva.com\/index.php\/wp-json\/wp\/v2\/posts"}],"about":[{"href":"https:\/\/trayectoriadeportiva.com\/index.php\/wp-json\/wp\/v2\/types\/post"}],"author":[{"embeddable":true,"href":"https:\/\/trayectoriadeportiva.com\/index.php\/wp-json\/wp\/v2\/users\/1"}],"replies":[{"embeddable":true,"href":"https:\/\/trayectoriadeportiva.com\/index.php\/wp-json\/wp\/v2\/comments?post=35178"}],"version-history":[{"count":0,"href":"https:\/\/trayectoriadeportiva.com\/index.php\/wp-json\/wp\/v2\/posts\/35178\/revisions"}],"wp:featuredmedia":[{"embeddable":true,"href":"https:\/\/trayectoriadeportiva.com\/index.php\/wp-json\/wp\/v2\/media\/35179"}],"wp:attachment":[{"href":"https:\/\/trayectoriadeportiva.com\/index.php\/wp-json\/wp\/v2\/media?parent=35178"}],"wp:term":[{"taxonomy":"category","embeddable":true,"href":"https:\/\/trayectoriadeportiva.com\/index.php\/wp-json\/wp\/v2\/categories?post=35178"},{"taxonomy":"post_tag","embeddable":true,"href":"https:\/\/trayectoriadeportiva.com\/index.php\/wp-json\/wp\/v2\/tags?post=35178"}],"curies":[{"name":"wp","href":"https:\/\/api.w.org\/{rel}","templated":true}]}}