{"id":35180,"date":"2026-09-02T11:41:43","date_gmt":"2026-09-02T11:41:43","guid":{"rendered":"https:\/\/trayectoriadeportiva.com\/index.php\/2026\/09\/02\/el-comentario-de-haaland-sobre-el-fichaje-de-enzo-fernandez-por-el-manchester-city-que-arrasa-en-redes\/"},"modified":"2026-09-02T11:41:43","modified_gmt":"2026-09-02T11:41:43","slug":"el-comentario-de-haaland-sobre-el-fichaje-de-enzo-fernandez-por-el-manchester-city-que-arrasa-en-redes","status":"publish","type":"post","link":"https:\/\/trayectoriadeportiva.com\/index.php\/2026\/09\/02\/el-comentario-de-haaland-sobre-el-fichaje-de-enzo-fernandez-por-el-manchester-city-que-arrasa-en-redes\/","title":{"rendered":"El comentario de Haaland sobre el fichaje de Enzo Fern\u00e1ndez por el Manchester City que arrasa en redes"},"content":{"rendered":"<p>El Manchester City esper\u00f3 hasta las \u00faltimas horas del mercado para cerrar uno de los fichajes m\u00e1s impactantes del verano. Enzo Fern\u00e1ndez cambia el <a href=\"https:\/\/www.lavanguardia.com\/clic\/20260702\/11582092\/agente-enzo-fernandez-da-alas-real-madrid-viendo-opciones-salga-chelsea-lol.html\">Chelsea<\/a> por el conjunto de M\u00e1nchester por 145 millones de euros, y la reacci\u00f3n de Erling Haaland al anuncio oficial no pas\u00f3 desapercibida.<\/p>\n<p><a href=\"https:\/\/www.lavanguardia.com\/clic\/20260902\/11625484\/comentario-haaland-sobre-fichaje-enzo-fernandez-manchester-city-arrasa-redes-lol.html\">Seguir leyendo&#8230;<\/a><\/p>","protected":false},"excerpt":{"rendered":"<p>El Manchester City esper\u00f3 hasta las \u00faltimas horas del mercado para cerrar uno de los fichajes m\u00e1s impactantes del verano. Enzo Fern\u00e1ndez cambia el Chelsea por el conjunto de M\u00e1nchester por 145 millones de euros, y la reacci\u00f3n de Erling Haaland al anuncio oficial no pas\u00f3 desapercibida. Seguir leyendo&#8230;<\/p>\n","protected":false},"author":1,"featured_media":35181,"comment_status":"","ping_status":"","sticky":false,"template":"","format":"standard","meta":{"_et_pb_use_builder":"","_et_pb_old_content":"","_et_gb_content_width":"","footnotes":""},"categories":[1],"tags":[],"class_list":["post-35180","post","type-post","status-publish","format-standard","has-post-thumbnail","hentry","category-blog","et-has-post-format-content","et_post_format-et-post-format-standard"],"_links":{"self":[{"href":"https:\/\/trayectoriadeportiva.com\/index.php\/wp-json\/wp\/v2\/posts\/35180","targetHints":{"allow":["GET"]}}],"collection":[{"href":"https:\/\/trayectoriadeportiva.com\/index.php\/wp-json\/wp\/v2\/posts"}],"about":[{"href":"https:\/\/trayectoriadeportiva.com\/index.php\/wp-json\/wp\/v2\/types\/post"}],"author":[{"embeddable":true,"href":"https:\/\/trayectoriadeportiva.com\/index.php\/wp-json\/wp\/v2\/users\/1"}],"replies":[{"embeddable":true,"href":"https:\/\/trayectoriadeportiva.com\/index.php\/wp-json\/wp\/v2\/comments?post=35180"}],"version-history":[{"count":0,"href":"https:\/\/trayectoriadeportiva.com\/index.php\/wp-json\/wp\/v2\/posts\/35180\/revisions"}],"wp:featuredmedia":[{"embeddable":true,"href":"https:\/\/trayectoriadeportiva.com\/index.php\/wp-json\/wp\/v2\/media\/35181"}],"wp:attachment":[{"href":"https:\/\/trayectoriadeportiva.com\/index.php\/wp-json\/wp\/v2\/media?parent=35180"}],"wp:term":[{"taxonomy":"category","embeddable":true,"href":"https:\/\/trayectoriadeportiva.com\/index.php\/wp-json\/wp\/v2\/categories?post=35180"},{"taxonomy":"post_tag","embeddable":true,"href":"https:\/\/trayectoriadeportiva.com\/index.php\/wp-json\/wp\/v2\/tags?post=35180"}],"curies":[{"name":"wp","href":"https:\/\/api.w.org\/{rel}","templated":true}]}}