{"id":35182,"date":"2026-09-02T16:13:36","date_gmt":"2026-09-02T16:13:36","guid":{"rendered":"https:\/\/trayectoriadeportiva.com\/index.php\/2026\/09\/02\/triplete-de-brennan-a-la-espera-del-examen-de-calar-alto-para-enric-mas\/"},"modified":"2026-09-02T16:13:36","modified_gmt":"2026-09-02T16:13:36","slug":"triplete-de-brennan-a-la-espera-del-examen-de-calar-alto-para-enric-mas","status":"publish","type":"post","link":"https:\/\/trayectoriadeportiva.com\/index.php\/2026\/09\/02\/triplete-de-brennan-a-la-espera-del-examen-de-calar-alto-para-enric-mas\/","title":{"rendered":"Triplete de Brennan a la espera del examen de Calar Alto para Enric Mas"},"content":{"rendered":"<p>Y Matthew Brennan levant\u00f3 los tres dedos al cruzar victorioso la meta de Lorca. El joven ciclista brit\u00e1nico del Visma logr\u00f3 su tercera victoria de etapa de la Vuelta a Espa\u00f1a en otra jornada llana, entre Cartagena y Lorca (153,8 km), con final al sprint, bien lanzado por su compa\u00f1ero belga Van Aert.\u00a0<\/p>\n<p><a href=\"https:\/\/www.lavanguardia.com\/deportes\/20260902\/11625760\/triplete-brennan-espera-examen-calar-alto-enric.html\">Seguir leyendo&#8230;<\/a><\/p>","protected":false},"excerpt":{"rendered":"<p>Y Matthew Brennan levant\u00f3 los tres dedos al cruzar victorioso la meta de Lorca. El joven ciclista brit\u00e1nico del Visma logr\u00f3 su tercera victoria de etapa de la Vuelta a Espa\u00f1a en otra jornada llana, entre Cartagena y Lorca (153,8 km), con final al sprint, bien lanzado por su compa\u00f1ero belga Van Aert.\u00a0 Seguir leyendo&#8230;<\/p>\n","protected":false},"author":1,"featured_media":35183,"comment_status":"","ping_status":"","sticky":false,"template":"","format":"standard","meta":{"_et_pb_use_builder":"","_et_pb_old_content":"","_et_gb_content_width":"","footnotes":""},"categories":[1],"tags":[],"class_list":["post-35182","post","type-post","status-publish","format-standard","has-post-thumbnail","hentry","category-blog","et-has-post-format-content","et_post_format-et-post-format-standard"],"_links":{"self":[{"href":"https:\/\/trayectoriadeportiva.com\/index.php\/wp-json\/wp\/v2\/posts\/35182","targetHints":{"allow":["GET"]}}],"collection":[{"href":"https:\/\/trayectoriadeportiva.com\/index.php\/wp-json\/wp\/v2\/posts"}],"about":[{"href":"https:\/\/trayectoriadeportiva.com\/index.php\/wp-json\/wp\/v2\/types\/post"}],"author":[{"embeddable":true,"href":"https:\/\/trayectoriadeportiva.com\/index.php\/wp-json\/wp\/v2\/users\/1"}],"replies":[{"embeddable":true,"href":"https:\/\/trayectoriadeportiva.com\/index.php\/wp-json\/wp\/v2\/comments?post=35182"}],"version-history":[{"count":0,"href":"https:\/\/trayectoriadeportiva.com\/index.php\/wp-json\/wp\/v2\/posts\/35182\/revisions"}],"wp:featuredmedia":[{"embeddable":true,"href":"https:\/\/trayectoriadeportiva.com\/index.php\/wp-json\/wp\/v2\/media\/35183"}],"wp:attachment":[{"href":"https:\/\/trayectoriadeportiva.com\/index.php\/wp-json\/wp\/v2\/media?parent=35182"}],"wp:term":[{"taxonomy":"category","embeddable":true,"href":"https:\/\/trayectoriadeportiva.com\/index.php\/wp-json\/wp\/v2\/categories?post=35182"},{"taxonomy":"post_tag","embeddable":true,"href":"https:\/\/trayectoriadeportiva.com\/index.php\/wp-json\/wp\/v2\/tags?post=35182"}],"curies":[{"name":"wp","href":"https:\/\/api.w.org\/{rel}","templated":true}]}}