{"id":35184,"date":"2026-09-02T15:43:27","date_gmt":"2026-09-02T15:43:27","guid":{"rendered":"https:\/\/trayectoriadeportiva.com\/index.php\/2026\/09\/02\/dani-olmo-y-la-decision-del-atletico-con-julian-alvarez-entenderlo-no-lo-entiendo\/"},"modified":"2026-09-02T15:43:27","modified_gmt":"2026-09-02T15:43:27","slug":"dani-olmo-y-la-decision-del-atletico-con-julian-alvarez-entenderlo-no-lo-entiendo","status":"publish","type":"post","link":"https:\/\/trayectoriadeportiva.com\/index.php\/2026\/09\/02\/dani-olmo-y-la-decision-del-atletico-con-julian-alvarez-entenderlo-no-lo-entiendo\/","title":{"rendered":"Dani Olmo y la decisi\u00f3n del Atl\u00e9tico con Juli\u00e1n \u00c1lvarez: \u201cEntenderlo no lo entiendo\u201d"},"content":{"rendered":"<p>Dani Olmo recibi\u00f3 este mi\u00e9rcoles el homenaje de su Terrassa natal como campe\u00f3n del mundo con la selecci\u00f3n espa\u00f1ola. El futbolista del Bar\u00e7a pudo celebrar junto a su gente el t\u00edtulo conquistado este verano y lo hizo con la mirada ya puesta en los pr\u00f3ximos retos. \u201cEs un d\u00eda de celebraci\u00f3n. Ya ten\u00eda ganas de poder venir y poder cuadrarlo con el Ayuntamiento. Ten\u00eda muchas ganas de celebrar este gran Mundial que hemos conseguido\u201d, explic\u00f3.<\/p>\n<p><a href=\"https:\/\/www.lavanguardia.com\/deportes\/futbol\/20260902\/11625714\/dani-olmo-decision-atletico-julian-alvarez-entenderlo-entiendo.html\">Seguir leyendo&#8230;<\/a><\/p>","protected":false},"excerpt":{"rendered":"<p>Dani Olmo recibi\u00f3 este mi\u00e9rcoles el homenaje de su Terrassa natal como campe\u00f3n del mundo con la selecci\u00f3n espa\u00f1ola. El futbolista del Bar\u00e7a pudo celebrar junto a su gente el t\u00edtulo conquistado este verano y lo hizo con la mirada ya puesta en los pr\u00f3ximos retos. \u201cEs un d\u00eda de celebraci\u00f3n. Ya ten\u00eda ganas de [&hellip;]<\/p>\n","protected":false},"author":1,"featured_media":35185,"comment_status":"","ping_status":"","sticky":false,"template":"","format":"standard","meta":{"_et_pb_use_builder":"","_et_pb_old_content":"","_et_gb_content_width":"","footnotes":""},"categories":[1],"tags":[],"class_list":["post-35184","post","type-post","status-publish","format-standard","has-post-thumbnail","hentry","category-blog","et-has-post-format-content","et_post_format-et-post-format-standard"],"_links":{"self":[{"href":"https:\/\/trayectoriadeportiva.com\/index.php\/wp-json\/wp\/v2\/posts\/35184","targetHints":{"allow":["GET"]}}],"collection":[{"href":"https:\/\/trayectoriadeportiva.com\/index.php\/wp-json\/wp\/v2\/posts"}],"about":[{"href":"https:\/\/trayectoriadeportiva.com\/index.php\/wp-json\/wp\/v2\/types\/post"}],"author":[{"embeddable":true,"href":"https:\/\/trayectoriadeportiva.com\/index.php\/wp-json\/wp\/v2\/users\/1"}],"replies":[{"embeddable":true,"href":"https:\/\/trayectoriadeportiva.com\/index.php\/wp-json\/wp\/v2\/comments?post=35184"}],"version-history":[{"count":0,"href":"https:\/\/trayectoriadeportiva.com\/index.php\/wp-json\/wp\/v2\/posts\/35184\/revisions"}],"wp:featuredmedia":[{"embeddable":true,"href":"https:\/\/trayectoriadeportiva.com\/index.php\/wp-json\/wp\/v2\/media\/35185"}],"wp:attachment":[{"href":"https:\/\/trayectoriadeportiva.com\/index.php\/wp-json\/wp\/v2\/media?parent=35184"}],"wp:term":[{"taxonomy":"category","embeddable":true,"href":"https:\/\/trayectoriadeportiva.com\/index.php\/wp-json\/wp\/v2\/categories?post=35184"},{"taxonomy":"post_tag","embeddable":true,"href":"https:\/\/trayectoriadeportiva.com\/index.php\/wp-json\/wp\/v2\/tags?post=35184"}],"curies":[{"name":"wp","href":"https:\/\/api.w.org\/{rel}","templated":true}]}}