{"id":35192,"date":"2026-09-03T04:00:00","date_gmt":"2026-09-03T04:00:00","guid":{"rendered":"https:\/\/trayectoriadeportiva.com\/index.php\/2026\/09\/03\/el-barca-reniega-de-sus-campeones\/"},"modified":"2026-09-03T04:00:00","modified_gmt":"2026-09-03T04:00:00","slug":"el-barca-reniega-de-sus-campeones","status":"publish","type":"post","link":"https:\/\/trayectoriadeportiva.com\/index.php\/2026\/09\/03\/el-barca-reniega-de-sus-campeones\/","title":{"rendered":"El Bar\u00e7a reniega de sus campeones"},"content":{"rendered":"<p>Ning\u00fan gran club de f\u00fatbol del mundo, ninguno, privar\u00eda a su afici\u00f3n de aplaudir a los jugadores que acaban de ganar un Mundial, precisamente con el sello y las virtudes de la casa. Ninguna entidad futbol\u00edstica en tanto que \u201cempresa\u201d renunciar\u00eda a rentabilizar la fotograf\u00eda de ocho jugadores con la camiseta del equipo, la copa del Mundial y su estadio de fondo.<\/p>\n<p><a href=\"https:\/\/www.lavanguardia.com\/deportes\/20260903\/11625832\/barca-reniega-campeones.html\">Seguir leyendo&#8230;<\/a><\/p>","protected":false},"excerpt":{"rendered":"<p>Ning\u00fan gran club de f\u00fatbol del mundo, ninguno, privar\u00eda a su afici\u00f3n de aplaudir a los jugadores que acaban de ganar un Mundial, precisamente con el sello y las virtudes de la casa. Ninguna entidad futbol\u00edstica en tanto que \u201cempresa\u201d renunciar\u00eda a rentabilizar la fotograf\u00eda de ocho jugadores con la camiseta del equipo, la copa [&hellip;]<\/p>\n","protected":false},"author":1,"featured_media":35193,"comment_status":"","ping_status":"","sticky":false,"template":"","format":"standard","meta":{"_et_pb_use_builder":"","_et_pb_old_content":"","_et_gb_content_width":"","footnotes":""},"categories":[1],"tags":[],"class_list":["post-35192","post","type-post","status-publish","format-standard","has-post-thumbnail","hentry","category-blog","et-has-post-format-content","et_post_format-et-post-format-standard"],"_links":{"self":[{"href":"https:\/\/trayectoriadeportiva.com\/index.php\/wp-json\/wp\/v2\/posts\/35192","targetHints":{"allow":["GET"]}}],"collection":[{"href":"https:\/\/trayectoriadeportiva.com\/index.php\/wp-json\/wp\/v2\/posts"}],"about":[{"href":"https:\/\/trayectoriadeportiva.com\/index.php\/wp-json\/wp\/v2\/types\/post"}],"author":[{"embeddable":true,"href":"https:\/\/trayectoriadeportiva.com\/index.php\/wp-json\/wp\/v2\/users\/1"}],"replies":[{"embeddable":true,"href":"https:\/\/trayectoriadeportiva.com\/index.php\/wp-json\/wp\/v2\/comments?post=35192"}],"version-history":[{"count":0,"href":"https:\/\/trayectoriadeportiva.com\/index.php\/wp-json\/wp\/v2\/posts\/35192\/revisions"}],"wp:featuredmedia":[{"embeddable":true,"href":"https:\/\/trayectoriadeportiva.com\/index.php\/wp-json\/wp\/v2\/media\/35193"}],"wp:attachment":[{"href":"https:\/\/trayectoriadeportiva.com\/index.php\/wp-json\/wp\/v2\/media?parent=35192"}],"wp:term":[{"taxonomy":"category","embeddable":true,"href":"https:\/\/trayectoriadeportiva.com\/index.php\/wp-json\/wp\/v2\/categories?post=35192"},{"taxonomy":"post_tag","embeddable":true,"href":"https:\/\/trayectoriadeportiva.com\/index.php\/wp-json\/wp\/v2\/tags?post=35192"}],"curies":[{"name":"wp","href":"https:\/\/api.w.org\/{rel}","templated":true}]}}