{"id":35194,"date":"2026-09-03T04:00:00","date_gmt":"2026-09-03T04:00:00","guid":{"rendered":"https:\/\/trayectoriadeportiva.com\/index.php\/2026\/09\/03\/deco-sale-reforzado-tras-un-mercado-intenso-con-hasta-10-caras-nuevas\/"},"modified":"2026-09-03T04:00:00","modified_gmt":"2026-09-03T04:00:00","slug":"deco-sale-reforzado-tras-un-mercado-intenso-con-hasta-10-caras-nuevas","status":"publish","type":"post","link":"https:\/\/trayectoriadeportiva.com\/index.php\/2026\/09\/03\/deco-sale-reforzado-tras-un-mercado-intenso-con-hasta-10-caras-nuevas\/","title":{"rendered":"Deco sale reforzado tras un mercado intenso con hasta 10 caras nuevas"},"content":{"rendered":"<p>No lleg\u00f3 Juli\u00e1n \u00c1lvarez, el nueve deseado y, sin duda, el nombre del que m\u00e1s se ha hablado en el mercado de fichajes blaugrana. Pero s\u00ed lo hicieron los veloces extremos Anthony Gordon y Karim Adeyemi, dos fichajes que Deco cerr\u00f3 discretamente, a petici\u00f3n expresa de Hansi Flick, que quer\u00eda dotar a su nuevo Bar\u00e7a de m\u00e1s ritmo por las bandas. La mayor inversi\u00f3n ha sido la de Gordon, procedente del Newcastle, por 70 millones de euros m\u00e1s otros 10 en variables. El extremo ingl\u00e9s, que ha firmado hasta el 2031, ya es un \u00eddolo en el Camp Nou. Tambi\u00e9n hasta ese a\u00f1o queda vinculado Karim Adeyemi, por quien el club abona 22 millones m\u00e1s 7 en variables al Borussia Dortmund. Un perfil que Flick quiso para aportar m\u00e1s desequilibrio por la banda y dar descanso a Lamine Yamal, porque la temporada es muy larga.<\/p>\n<p><a href=\"https:\/\/www.lavanguardia.com\/deportes\/fc-barcelona\/20260903\/11625821\/deco-sale-reforzado-mercado-intenso-10-caras-nuevas.html\">Seguir leyendo&#8230;<\/a><\/p>","protected":false},"excerpt":{"rendered":"<p>No lleg\u00f3 Juli\u00e1n \u00c1lvarez, el nueve deseado y, sin duda, el nombre del que m\u00e1s se ha hablado en el mercado de fichajes blaugrana. Pero s\u00ed lo hicieron los veloces extremos Anthony Gordon y Karim Adeyemi, dos fichajes que Deco cerr\u00f3 discretamente, a petici\u00f3n expresa de Hansi Flick, que quer\u00eda dotar a su nuevo Bar\u00e7a [&hellip;]<\/p>\n","protected":false},"author":1,"featured_media":35195,"comment_status":"","ping_status":"","sticky":false,"template":"","format":"standard","meta":{"_et_pb_use_builder":"","_et_pb_old_content":"","_et_gb_content_width":"","footnotes":""},"categories":[1],"tags":[],"class_list":["post-35194","post","type-post","status-publish","format-standard","has-post-thumbnail","hentry","category-blog","et-has-post-format-content","et_post_format-et-post-format-standard"],"_links":{"self":[{"href":"https:\/\/trayectoriadeportiva.com\/index.php\/wp-json\/wp\/v2\/posts\/35194","targetHints":{"allow":["GET"]}}],"collection":[{"href":"https:\/\/trayectoriadeportiva.com\/index.php\/wp-json\/wp\/v2\/posts"}],"about":[{"href":"https:\/\/trayectoriadeportiva.com\/index.php\/wp-json\/wp\/v2\/types\/post"}],"author":[{"embeddable":true,"href":"https:\/\/trayectoriadeportiva.com\/index.php\/wp-json\/wp\/v2\/users\/1"}],"replies":[{"embeddable":true,"href":"https:\/\/trayectoriadeportiva.com\/index.php\/wp-json\/wp\/v2\/comments?post=35194"}],"version-history":[{"count":0,"href":"https:\/\/trayectoriadeportiva.com\/index.php\/wp-json\/wp\/v2\/posts\/35194\/revisions"}],"wp:featuredmedia":[{"embeddable":true,"href":"https:\/\/trayectoriadeportiva.com\/index.php\/wp-json\/wp\/v2\/media\/35195"}],"wp:attachment":[{"href":"https:\/\/trayectoriadeportiva.com\/index.php\/wp-json\/wp\/v2\/media?parent=35194"}],"wp:term":[{"taxonomy":"category","embeddable":true,"href":"https:\/\/trayectoriadeportiva.com\/index.php\/wp-json\/wp\/v2\/categories?post=35194"},{"taxonomy":"post_tag","embeddable":true,"href":"https:\/\/trayectoriadeportiva.com\/index.php\/wp-json\/wp\/v2\/tags?post=35194"}],"curies":[{"name":"wp","href":"https:\/\/api.w.org\/{rel}","templated":true}]}}