{"id":35196,"date":"2026-09-03T04:00:00","date_gmt":"2026-09-03T04:00:00","guid":{"rendered":"https:\/\/trayectoriadeportiva.com\/index.php\/2026\/09\/03\/caida-a-los-infiernos-de-asencio-condenado-por-conducir-borracho-y-a-juicio-por-un-video-sexual\/"},"modified":"2026-09-03T04:00:00","modified_gmt":"2026-09-03T04:00:00","slug":"caida-a-los-infiernos-de-asencio-condenado-por-conducir-borracho-y-a-juicio-por-un-video-sexual","status":"publish","type":"post","link":"https:\/\/trayectoriadeportiva.com\/index.php\/2026\/09\/03\/caida-a-los-infiernos-de-asencio-condenado-por-conducir-borracho-y-a-juicio-por-un-video-sexual\/","title":{"rendered":"Ca\u00edda a los infiernos de Asencio: condenado por conducir borracho y a juicio por un v\u00eddeo sexual"},"content":{"rendered":"<p>Ra\u00fal Asencio (23) ha empezado con mal pie la era Mourinho en el Real Madrid. El central canario formado en las categor\u00edas inferiores del club blanco va de mal en peor. Adem\u00e1s de seguir lesionado con una dolencia muscular desde el mes de julio y no contar para el portugu\u00e9s, Asencio se ha metido en otro l\u00edo con la justicia por sus excesos nocivos: ha sido condenado por conducir borracho cuadriplicando la tasa m\u00e1xima legal permitida, justo cuando hoy tiene el juicio por difusi\u00f3n de un v\u00eddeo sexual en el 2023.<\/p>\n<p><a href=\"https:\/\/www.lavanguardia.com\/deportes\/20260903\/11625687\/caida-infiernos-raul-asencio-defensa-central-real-madrid-condenado-conducir-borracho-juicio-difusion-video-sexual.html\">Seguir leyendo&#8230;<\/a><\/p>","protected":false},"excerpt":{"rendered":"<p>Ra\u00fal Asencio (23) ha empezado con mal pie la era Mourinho en el Real Madrid. El central canario formado en las categor\u00edas inferiores del club blanco va de mal en peor. Adem\u00e1s de seguir lesionado con una dolencia muscular desde el mes de julio y no contar para el portugu\u00e9s, Asencio se ha metido en [&hellip;]<\/p>\n","protected":false},"author":1,"featured_media":35197,"comment_status":"","ping_status":"","sticky":false,"template":"","format":"standard","meta":{"_et_pb_use_builder":"","_et_pb_old_content":"","_et_gb_content_width":"","footnotes":""},"categories":[1],"tags":[],"class_list":["post-35196","post","type-post","status-publish","format-standard","has-post-thumbnail","hentry","category-blog","et-has-post-format-content","et_post_format-et-post-format-standard"],"_links":{"self":[{"href":"https:\/\/trayectoriadeportiva.com\/index.php\/wp-json\/wp\/v2\/posts\/35196","targetHints":{"allow":["GET"]}}],"collection":[{"href":"https:\/\/trayectoriadeportiva.com\/index.php\/wp-json\/wp\/v2\/posts"}],"about":[{"href":"https:\/\/trayectoriadeportiva.com\/index.php\/wp-json\/wp\/v2\/types\/post"}],"author":[{"embeddable":true,"href":"https:\/\/trayectoriadeportiva.com\/index.php\/wp-json\/wp\/v2\/users\/1"}],"replies":[{"embeddable":true,"href":"https:\/\/trayectoriadeportiva.com\/index.php\/wp-json\/wp\/v2\/comments?post=35196"}],"version-history":[{"count":0,"href":"https:\/\/trayectoriadeportiva.com\/index.php\/wp-json\/wp\/v2\/posts\/35196\/revisions"}],"wp:featuredmedia":[{"embeddable":true,"href":"https:\/\/trayectoriadeportiva.com\/index.php\/wp-json\/wp\/v2\/media\/35197"}],"wp:attachment":[{"href":"https:\/\/trayectoriadeportiva.com\/index.php\/wp-json\/wp\/v2\/media?parent=35196"}],"wp:term":[{"taxonomy":"category","embeddable":true,"href":"https:\/\/trayectoriadeportiva.com\/index.php\/wp-json\/wp\/v2\/categories?post=35196"},{"taxonomy":"post_tag","embeddable":true,"href":"https:\/\/trayectoriadeportiva.com\/index.php\/wp-json\/wp\/v2\/tags?post=35196"}],"curies":[{"name":"wp","href":"https:\/\/api.w.org\/{rel}","templated":true}]}}