{"id":35200,"date":"2026-09-03T05:29:05","date_gmt":"2026-09-03T05:29:05","guid":{"rendered":"https:\/\/trayectoriadeportiva.com\/index.php\/2026\/09\/03\/alcaraz-consolida-su-regreso-tras-una-remontada-para-meterse-en-tercera-ronda-del-us-open\/"},"modified":"2026-09-03T05:29:05","modified_gmt":"2026-09-03T05:29:05","slug":"alcaraz-consolida-su-regreso-tras-una-remontada-para-meterse-en-tercera-ronda-del-us-open","status":"publish","type":"post","link":"https:\/\/trayectoriadeportiva.com\/index.php\/2026\/09\/03\/alcaraz-consolida-su-regreso-tras-una-remontada-para-meterse-en-tercera-ronda-del-us-open\/","title":{"rendered":"Alcaraz consolida su regreso tras una remontada para meterse en tercera ronda del US Open"},"content":{"rendered":"<p>Carlos Alcaraz est\u00e1 de vuelta. El tenista murciano demostr\u00f3 este mi\u00e9rcoles que su lesi\u00f3n en la mu\u00f1eca ya es cosa del pasado, y complet\u00f3 una gran remontada contra el\u00a0portugu\u00e9s Jaime Faria para avanzar hacia la\u00a0tercera ronda del Abierto de Estados Unidos.<\/p>\n<p><a href=\"https:\/\/www.lavanguardia.com\/deportes\/tenis\/20260903\/11626060\/alcaraz-consolida-regreso-remontada-meterse-tercera-ronda-us-open.html\">Seguir leyendo&#8230;<\/a><\/p>","protected":false},"excerpt":{"rendered":"<p>Carlos Alcaraz est\u00e1 de vuelta. El tenista murciano demostr\u00f3 este mi\u00e9rcoles que su lesi\u00f3n en la mu\u00f1eca ya es cosa del pasado, y complet\u00f3 una gran remontada contra el\u00a0portugu\u00e9s Jaime Faria para avanzar hacia la\u00a0tercera ronda del Abierto de Estados Unidos. Seguir leyendo&#8230;<\/p>\n","protected":false},"author":1,"featured_media":35201,"comment_status":"","ping_status":"","sticky":false,"template":"","format":"standard","meta":{"_et_pb_use_builder":"","_et_pb_old_content":"","_et_gb_content_width":"","footnotes":""},"categories":[1],"tags":[],"class_list":["post-35200","post","type-post","status-publish","format-standard","has-post-thumbnail","hentry","category-blog","et-has-post-format-content","et_post_format-et-post-format-standard"],"_links":{"self":[{"href":"https:\/\/trayectoriadeportiva.com\/index.php\/wp-json\/wp\/v2\/posts\/35200","targetHints":{"allow":["GET"]}}],"collection":[{"href":"https:\/\/trayectoriadeportiva.com\/index.php\/wp-json\/wp\/v2\/posts"}],"about":[{"href":"https:\/\/trayectoriadeportiva.com\/index.php\/wp-json\/wp\/v2\/types\/post"}],"author":[{"embeddable":true,"href":"https:\/\/trayectoriadeportiva.com\/index.php\/wp-json\/wp\/v2\/users\/1"}],"replies":[{"embeddable":true,"href":"https:\/\/trayectoriadeportiva.com\/index.php\/wp-json\/wp\/v2\/comments?post=35200"}],"version-history":[{"count":0,"href":"https:\/\/trayectoriadeportiva.com\/index.php\/wp-json\/wp\/v2\/posts\/35200\/revisions"}],"wp:featuredmedia":[{"embeddable":true,"href":"https:\/\/trayectoriadeportiva.com\/index.php\/wp-json\/wp\/v2\/media\/35201"}],"wp:attachment":[{"href":"https:\/\/trayectoriadeportiva.com\/index.php\/wp-json\/wp\/v2\/media?parent=35200"}],"wp:term":[{"taxonomy":"category","embeddable":true,"href":"https:\/\/trayectoriadeportiva.com\/index.php\/wp-json\/wp\/v2\/categories?post=35200"},{"taxonomy":"post_tag","embeddable":true,"href":"https:\/\/trayectoriadeportiva.com\/index.php\/wp-json\/wp\/v2\/tags?post=35200"}],"curies":[{"name":"wp","href":"https:\/\/api.w.org\/{rel}","templated":true}]}}