{"id":35202,"date":"2026-09-03T08:40:19","date_gmt":"2026-09-03T08:40:19","guid":{"rendered":"https:\/\/trayectoriadeportiva.com\/index.php\/2026\/09\/03\/la-premier-arrasa-en-gasto-y-se-distancia-del-resto-de-las-ligas-europeas-incluida-la-espanola\/"},"modified":"2026-09-03T08:40:19","modified_gmt":"2026-09-03T08:40:19","slug":"la-premier-arrasa-en-gasto-y-se-distancia-del-resto-de-las-ligas-europeas-incluida-la-espanola","status":"publish","type":"post","link":"https:\/\/trayectoriadeportiva.com\/index.php\/2026\/09\/03\/la-premier-arrasa-en-gasto-y-se-distancia-del-resto-de-las-ligas-europeas-incluida-la-espanola\/","title":{"rendered":"La Premier arrasa en gasto y se distancia del resto de las ligas europeas, incluida la espa\u00f1ola"},"content":{"rendered":"<p>Brechas y m\u00e1s brechas que cada verano se acent\u00faan. La de la Premier League respecto a todas las grandes ligas europeas y la de Real Madrid y FC Barcelona respecto al resto de equipos de la Liga, 17 si descontamos al Atl\u00e9tico, que se mantiene haciendo la goma. Las cifras no admiten segundas lecturas. Los clubs de la liga inglesa se han gastado en el mercado de verano 3.800 millones de euros, cifra aproximada por cuanto siempre hay operaciones que aumentan el precio en funci\u00f3n del cumplimiento de variables.<\/p>\n<p><a href=\"https:\/\/www.lavanguardia.com\/deportes\/20260903\/11626003\/premier-arrasa-gasto-distancia-resto-ligas-europeas-incluida-espanola.html\">Seguir leyendo&#8230;<\/a><\/p>","protected":false},"excerpt":{"rendered":"<p>Brechas y m\u00e1s brechas que cada verano se acent\u00faan. La de la Premier League respecto a todas las grandes ligas europeas y la de Real Madrid y FC Barcelona respecto al resto de equipos de la Liga, 17 si descontamos al Atl\u00e9tico, que se mantiene haciendo la goma. Las cifras no admiten segundas lecturas. Los [&hellip;]<\/p>\n","protected":false},"author":1,"featured_media":35203,"comment_status":"","ping_status":"","sticky":false,"template":"","format":"standard","meta":{"_et_pb_use_builder":"","_et_pb_old_content":"","_et_gb_content_width":"","footnotes":""},"categories":[1],"tags":[],"class_list":["post-35202","post","type-post","status-publish","format-standard","has-post-thumbnail","hentry","category-blog","et-has-post-format-content","et_post_format-et-post-format-standard"],"_links":{"self":[{"href":"https:\/\/trayectoriadeportiva.com\/index.php\/wp-json\/wp\/v2\/posts\/35202","targetHints":{"allow":["GET"]}}],"collection":[{"href":"https:\/\/trayectoriadeportiva.com\/index.php\/wp-json\/wp\/v2\/posts"}],"about":[{"href":"https:\/\/trayectoriadeportiva.com\/index.php\/wp-json\/wp\/v2\/types\/post"}],"author":[{"embeddable":true,"href":"https:\/\/trayectoriadeportiva.com\/index.php\/wp-json\/wp\/v2\/users\/1"}],"replies":[{"embeddable":true,"href":"https:\/\/trayectoriadeportiva.com\/index.php\/wp-json\/wp\/v2\/comments?post=35202"}],"version-history":[{"count":0,"href":"https:\/\/trayectoriadeportiva.com\/index.php\/wp-json\/wp\/v2\/posts\/35202\/revisions"}],"wp:featuredmedia":[{"embeddable":true,"href":"https:\/\/trayectoriadeportiva.com\/index.php\/wp-json\/wp\/v2\/media\/35203"}],"wp:attachment":[{"href":"https:\/\/trayectoriadeportiva.com\/index.php\/wp-json\/wp\/v2\/media?parent=35202"}],"wp:term":[{"taxonomy":"category","embeddable":true,"href":"https:\/\/trayectoriadeportiva.com\/index.php\/wp-json\/wp\/v2\/categories?post=35202"},{"taxonomy":"post_tag","embeddable":true,"href":"https:\/\/trayectoriadeportiva.com\/index.php\/wp-json\/wp\/v2\/tags?post=35202"}],"curies":[{"name":"wp","href":"https:\/\/api.w.org\/{rel}","templated":true}]}}