{"id":35213,"date":"2026-09-03T12:54:49","date_gmt":"2026-09-03T12:54:49","guid":{"rendered":"https:\/\/trayectoriadeportiva.com\/index.php\/2026\/09\/03\/bryan-zaragoza-mi-prioridad-es-jugar-y-ser-feliz-y-el-espanyol-es-el-proyecto-ideal\/"},"modified":"2026-09-03T12:54:49","modified_gmt":"2026-09-03T12:54:49","slug":"bryan-zaragoza-mi-prioridad-es-jugar-y-ser-feliz-y-el-espanyol-es-el-proyecto-ideal","status":"publish","type":"post","link":"https:\/\/trayectoriadeportiva.com\/index.php\/2026\/09\/03\/bryan-zaragoza-mi-prioridad-es-jugar-y-ser-feliz-y-el-espanyol-es-el-proyecto-ideal\/","title":{"rendered":"Bryan Zaragoza: \u201cMi prioridad es jugar y ser feliz y el Espanyol es el proyecto ideal\u201d"},"content":{"rendered":"<p>Bayern, Osasuna, Celta, Roma\u2026 Bryan Zaragoza se ha cansado de dar vueltas por Europa y ha elegido el Espanyol para echar ra\u00edces. El extremo intentar\u00e1 recuperar de blanquiazul su mejor f\u00fatbol. \u201cMi prioridad es jugar y ser feliz. No lo he podido hacer mucho en los \u00faltimos a\u00f1os\u201d, reflexion\u00f3 sobre el salto que dio desde el Granada. \u201cNecesito tener una estabilidad y estar en un club un tiempo. El Espanyol es un club ideal. Creo que es el proyecto ideal para m\u00ed\u201d.<\/p>\n<p><a href=\"https:\/\/www.lavanguardia.com\/deportes\/rcde-espanyol\/20260903\/11626416\/bryan-zaragoza-mi-prioridad-jugar-feliz-espanyol-proyecto-ideal.html\">Seguir leyendo&#8230;<\/a><\/p>","protected":false},"excerpt":{"rendered":"<p>Bayern, Osasuna, Celta, Roma\u2026 Bryan Zaragoza se ha cansado de dar vueltas por Europa y ha elegido el Espanyol para echar ra\u00edces. El extremo intentar\u00e1 recuperar de blanquiazul su mejor f\u00fatbol. \u201cMi prioridad es jugar y ser feliz. No lo he podido hacer mucho en los \u00faltimos a\u00f1os\u201d, reflexion\u00f3 sobre el salto que dio desde [&hellip;]<\/p>\n","protected":false},"author":1,"featured_media":35214,"comment_status":"","ping_status":"","sticky":false,"template":"","format":"standard","meta":{"_et_pb_use_builder":"","_et_pb_old_content":"","_et_gb_content_width":"","footnotes":""},"categories":[1],"tags":[],"class_list":["post-35213","post","type-post","status-publish","format-standard","has-post-thumbnail","hentry","category-blog","et-has-post-format-content","et_post_format-et-post-format-standard"],"_links":{"self":[{"href":"https:\/\/trayectoriadeportiva.com\/index.php\/wp-json\/wp\/v2\/posts\/35213","targetHints":{"allow":["GET"]}}],"collection":[{"href":"https:\/\/trayectoriadeportiva.com\/index.php\/wp-json\/wp\/v2\/posts"}],"about":[{"href":"https:\/\/trayectoriadeportiva.com\/index.php\/wp-json\/wp\/v2\/types\/post"}],"author":[{"embeddable":true,"href":"https:\/\/trayectoriadeportiva.com\/index.php\/wp-json\/wp\/v2\/users\/1"}],"replies":[{"embeddable":true,"href":"https:\/\/trayectoriadeportiva.com\/index.php\/wp-json\/wp\/v2\/comments?post=35213"}],"version-history":[{"count":0,"href":"https:\/\/trayectoriadeportiva.com\/index.php\/wp-json\/wp\/v2\/posts\/35213\/revisions"}],"wp:featuredmedia":[{"embeddable":true,"href":"https:\/\/trayectoriadeportiva.com\/index.php\/wp-json\/wp\/v2\/media\/35214"}],"wp:attachment":[{"href":"https:\/\/trayectoriadeportiva.com\/index.php\/wp-json\/wp\/v2\/media?parent=35213"}],"wp:term":[{"taxonomy":"category","embeddable":true,"href":"https:\/\/trayectoriadeportiva.com\/index.php\/wp-json\/wp\/v2\/categories?post=35213"},{"taxonomy":"post_tag","embeddable":true,"href":"https:\/\/trayectoriadeportiva.com\/index.php\/wp-json\/wp\/v2\/tags?post=35213"}],"curies":[{"name":"wp","href":"https:\/\/api.w.org\/{rel}","templated":true}]}}