{"id":35217,"date":"2026-09-03T16:08:37","date_gmt":"2026-09-03T16:08:37","guid":{"rendered":"https:\/\/trayectoriadeportiva.com\/index.php\/2026\/09\/03\/asencio-absuelto-tras-alcanzar-un-acuerdo-con-las-victimas\/"},"modified":"2026-09-03T16:08:37","modified_gmt":"2026-09-03T16:08:37","slug":"asencio-absuelto-tras-alcanzar-un-acuerdo-con-las-victimas","status":"publish","type":"post","link":"https:\/\/trayectoriadeportiva.com\/index.php\/2026\/09\/03\/asencio-absuelto-tras-alcanzar-un-acuerdo-con-las-victimas\/","title":{"rendered":"Asencio, absuelto tras alcanzar un acuerdo con las v\u00edctimas"},"content":{"rendered":"<p>Las dos j\u00f3venes, una de ellas menor,\u00a0 que aparecen en los v\u00eddeos de contenido sexual difundidos ilegalmente que han sentado en el banquillo al defensa del Real Madrid Ra\u00fal Asencio y a sus excompa\u00f1eros Ferran Ruiz, Juan Rodr\u00edguez y Andr\u00e9s Garc\u00eda confirmaron este jueves a la jueza que han perdonado a los cuatro implicados.<\/p>\n<p><a href=\"https:\/\/www.lavanguardia.com\/deportes\/futbol\/20260903\/11626374\/asencio-absuelto-alcanzar-acuerdo-victimas.html\">Seguir leyendo&#8230;<\/a><\/p>","protected":false},"excerpt":{"rendered":"<p>Las dos j\u00f3venes, una de ellas menor,\u00a0 que aparecen en los v\u00eddeos de contenido sexual difundidos ilegalmente que han sentado en el banquillo al defensa del Real Madrid Ra\u00fal Asencio y a sus excompa\u00f1eros Ferran Ruiz, Juan Rodr\u00edguez y Andr\u00e9s Garc\u00eda confirmaron este jueves a la jueza que han perdonado a los cuatro implicados. Seguir [&hellip;]<\/p>\n","protected":false},"author":1,"featured_media":35218,"comment_status":"","ping_status":"","sticky":false,"template":"","format":"standard","meta":{"_et_pb_use_builder":"","_et_pb_old_content":"","_et_gb_content_width":"","footnotes":""},"categories":[1],"tags":[],"class_list":["post-35217","post","type-post","status-publish","format-standard","has-post-thumbnail","hentry","category-blog","et-has-post-format-content","et_post_format-et-post-format-standard"],"_links":{"self":[{"href":"https:\/\/trayectoriadeportiva.com\/index.php\/wp-json\/wp\/v2\/posts\/35217","targetHints":{"allow":["GET"]}}],"collection":[{"href":"https:\/\/trayectoriadeportiva.com\/index.php\/wp-json\/wp\/v2\/posts"}],"about":[{"href":"https:\/\/trayectoriadeportiva.com\/index.php\/wp-json\/wp\/v2\/types\/post"}],"author":[{"embeddable":true,"href":"https:\/\/trayectoriadeportiva.com\/index.php\/wp-json\/wp\/v2\/users\/1"}],"replies":[{"embeddable":true,"href":"https:\/\/trayectoriadeportiva.com\/index.php\/wp-json\/wp\/v2\/comments?post=35217"}],"version-history":[{"count":0,"href":"https:\/\/trayectoriadeportiva.com\/index.php\/wp-json\/wp\/v2\/posts\/35217\/revisions"}],"wp:featuredmedia":[{"embeddable":true,"href":"https:\/\/trayectoriadeportiva.com\/index.php\/wp-json\/wp\/v2\/media\/35218"}],"wp:attachment":[{"href":"https:\/\/trayectoriadeportiva.com\/index.php\/wp-json\/wp\/v2\/media?parent=35217"}],"wp:term":[{"taxonomy":"category","embeddable":true,"href":"https:\/\/trayectoriadeportiva.com\/index.php\/wp-json\/wp\/v2\/categories?post=35217"},{"taxonomy":"post_tag","embeddable":true,"href":"https:\/\/trayectoriadeportiva.com\/index.php\/wp-json\/wp\/v2\/tags?post=35217"}],"curies":[{"name":"wp","href":"https:\/\/api.w.org\/{rel}","templated":true}]}}