{"id":35221,"date":"2026-09-03T17:25:57","date_gmt":"2026-09-03T17:25:57","guid":{"rendered":"https:\/\/trayectoriadeportiva.com\/index.php\/2026\/09\/03\/marcos-llorente-abandona-la-seleccion-a-los-31-anos-es-una-decision-muy-meditada-y-muy-sentida\/"},"modified":"2026-09-03T17:25:57","modified_gmt":"2026-09-03T17:25:57","slug":"marcos-llorente-abandona-la-seleccion-a-los-31-anos-es-una-decision-muy-meditada-y-muy-sentida","status":"publish","type":"post","link":"https:\/\/trayectoriadeportiva.com\/index.php\/2026\/09\/03\/marcos-llorente-abandona-la-seleccion-a-los-31-anos-es-una-decision-muy-meditada-y-muy-sentida\/","title":{"rendered":"Marcos Llorente abandona la selecci\u00f3n a los 31 a\u00f1os: \u201cEs una decisi\u00f3n muy meditada y muy sentida\u201d"},"content":{"rendered":"<p>Marcos Llorente, futbolista del Atl\u00e9tico de Madrid y campe\u00f3n del mundo con la selecci\u00f3n espa\u00f1ola, ha anunciado este jueves su retirada del equipo nacional, \u201cdespu\u00e9s de mucho tiempo d\u00e1ndole vueltas\u201d, en una decisi\u00f3n \u201cpersonal, muy meditada y, sobre todo, muy sentida\u201d, y que ya fue tomada antes del Mundial 2026.<\/p>\n<p><a href=\"https:\/\/www.lavanguardia.com\/deportes\/futbol\/20260903\/11626619\/marcos-llorente-abandona-seleccion-31-anos-decision-meditada-sentida.html\">Seguir leyendo&#8230;<\/a><\/p>","protected":false},"excerpt":{"rendered":"<p>Marcos Llorente, futbolista del Atl\u00e9tico de Madrid y campe\u00f3n del mundo con la selecci\u00f3n espa\u00f1ola, ha anunciado este jueves su retirada del equipo nacional, \u201cdespu\u00e9s de mucho tiempo d\u00e1ndole vueltas\u201d, en una decisi\u00f3n \u201cpersonal, muy meditada y, sobre todo, muy sentida\u201d, y que ya fue tomada antes del Mundial 2026. Seguir leyendo&#8230;<\/p>\n","protected":false},"author":1,"featured_media":35222,"comment_status":"","ping_status":"","sticky":false,"template":"","format":"standard","meta":{"_et_pb_use_builder":"","_et_pb_old_content":"","_et_gb_content_width":"","footnotes":""},"categories":[1],"tags":[],"class_list":["post-35221","post","type-post","status-publish","format-standard","has-post-thumbnail","hentry","category-blog","et-has-post-format-content","et_post_format-et-post-format-standard"],"_links":{"self":[{"href":"https:\/\/trayectoriadeportiva.com\/index.php\/wp-json\/wp\/v2\/posts\/35221","targetHints":{"allow":["GET"]}}],"collection":[{"href":"https:\/\/trayectoriadeportiva.com\/index.php\/wp-json\/wp\/v2\/posts"}],"about":[{"href":"https:\/\/trayectoriadeportiva.com\/index.php\/wp-json\/wp\/v2\/types\/post"}],"author":[{"embeddable":true,"href":"https:\/\/trayectoriadeportiva.com\/index.php\/wp-json\/wp\/v2\/users\/1"}],"replies":[{"embeddable":true,"href":"https:\/\/trayectoriadeportiva.com\/index.php\/wp-json\/wp\/v2\/comments?post=35221"}],"version-history":[{"count":0,"href":"https:\/\/trayectoriadeportiva.com\/index.php\/wp-json\/wp\/v2\/posts\/35221\/revisions"}],"wp:featuredmedia":[{"embeddable":true,"href":"https:\/\/trayectoriadeportiva.com\/index.php\/wp-json\/wp\/v2\/media\/35222"}],"wp:attachment":[{"href":"https:\/\/trayectoriadeportiva.com\/index.php\/wp-json\/wp\/v2\/media?parent=35221"}],"wp:term":[{"taxonomy":"category","embeddable":true,"href":"https:\/\/trayectoriadeportiva.com\/index.php\/wp-json\/wp\/v2\/categories?post=35221"},{"taxonomy":"post_tag","embeddable":true,"href":"https:\/\/trayectoriadeportiva.com\/index.php\/wp-json\/wp\/v2\/tags?post=35221"}],"curies":[{"name":"wp","href":"https:\/\/api.w.org\/{rel}","templated":true}]}}