{"id":35223,"date":"2026-09-03T17:20:37","date_gmt":"2026-09-03T17:20:37","guid":{"rendered":"https:\/\/trayectoriadeportiva.com\/index.php\/2026\/09\/03\/ferran-torres-es-un-paso-adelante-el-psg-es-el-mejor-equipo-de-europa\/"},"modified":"2026-09-03T17:20:37","modified_gmt":"2026-09-03T17:20:37","slug":"ferran-torres-es-un-paso-adelante-el-psg-es-el-mejor-equipo-de-europa","status":"publish","type":"post","link":"https:\/\/trayectoriadeportiva.com\/index.php\/2026\/09\/03\/ferran-torres-es-un-paso-adelante-el-psg-es-el-mejor-equipo-de-europa\/","title":{"rendered":"Ferran Torres: \u201cEs un paso adelante, el PSG es el mejor equipo de Europa\u201d"},"content":{"rendered":"<p>Ferran Torres accedi\u00f3 a hablar ayer, en el<i> media day <\/i>del PSG, su nuevo equipo, y as\u00ed es como comparti\u00f3 el proceso de traspaso al club franc\u00e9s desde el Bar\u00e7a, su casa en las \u00faltimas cuatro temporadas. \u201cLos contactos comenzaron incluso antes del Mundial \u2013dijo el delantero del PSG\u2013. Tras la primera conversaci\u00f3n ya ten\u00eda tomada la decisi\u00f3n porque quer\u00eda jugar en un club como el PSG\u201d.<\/p>\n<p><a href=\"https:\/\/www.lavanguardia.com\/deportes\/20260903\/11626614\/ferran-torres-paso-adelante-psg-mejor-equipo-europa.html\">Seguir leyendo&#8230;<\/a><\/p>","protected":false},"excerpt":{"rendered":"<p>Ferran Torres accedi\u00f3 a hablar ayer, en el media day del PSG, su nuevo equipo, y as\u00ed es como comparti\u00f3 el proceso de traspaso al club franc\u00e9s desde el Bar\u00e7a, su casa en las \u00faltimas cuatro temporadas. \u201cLos contactos comenzaron incluso antes del Mundial \u2013dijo el delantero del PSG\u2013. Tras la primera conversaci\u00f3n ya ten\u00eda [&hellip;]<\/p>\n","protected":false},"author":1,"featured_media":35224,"comment_status":"","ping_status":"","sticky":false,"template":"","format":"standard","meta":{"_et_pb_use_builder":"","_et_pb_old_content":"","_et_gb_content_width":"","footnotes":""},"categories":[1],"tags":[],"class_list":["post-35223","post","type-post","status-publish","format-standard","has-post-thumbnail","hentry","category-blog","et-has-post-format-content","et_post_format-et-post-format-standard"],"_links":{"self":[{"href":"https:\/\/trayectoriadeportiva.com\/index.php\/wp-json\/wp\/v2\/posts\/35223","targetHints":{"allow":["GET"]}}],"collection":[{"href":"https:\/\/trayectoriadeportiva.com\/index.php\/wp-json\/wp\/v2\/posts"}],"about":[{"href":"https:\/\/trayectoriadeportiva.com\/index.php\/wp-json\/wp\/v2\/types\/post"}],"author":[{"embeddable":true,"href":"https:\/\/trayectoriadeportiva.com\/index.php\/wp-json\/wp\/v2\/users\/1"}],"replies":[{"embeddable":true,"href":"https:\/\/trayectoriadeportiva.com\/index.php\/wp-json\/wp\/v2\/comments?post=35223"}],"version-history":[{"count":0,"href":"https:\/\/trayectoriadeportiva.com\/index.php\/wp-json\/wp\/v2\/posts\/35223\/revisions"}],"wp:featuredmedia":[{"embeddable":true,"href":"https:\/\/trayectoriadeportiva.com\/index.php\/wp-json\/wp\/v2\/media\/35224"}],"wp:attachment":[{"href":"https:\/\/trayectoriadeportiva.com\/index.php\/wp-json\/wp\/v2\/media?parent=35223"}],"wp:term":[{"taxonomy":"category","embeddable":true,"href":"https:\/\/trayectoriadeportiva.com\/index.php\/wp-json\/wp\/v2\/categories?post=35223"},{"taxonomy":"post_tag","embeddable":true,"href":"https:\/\/trayectoriadeportiva.com\/index.php\/wp-json\/wp\/v2\/tags?post=35223"}],"curies":[{"name":"wp","href":"https:\/\/api.w.org\/{rel}","templated":true}]}}