{"id":35227,"date":"2026-09-03T18:16:56","date_gmt":"2026-09-03T18:16:56","guid":{"rendered":"https:\/\/trayectoriadeportiva.com\/index.php\/2026\/09\/03\/el-barcelona-convoca-a-sus-socios-en-asamblea-de-nuevo-telematica-el-19-de-septiembre\/"},"modified":"2026-09-03T18:16:56","modified_gmt":"2026-09-03T18:16:56","slug":"el-barcelona-convoca-a-sus-socios-en-asamblea-de-nuevo-telematica-el-19-de-septiembre","status":"publish","type":"post","link":"https:\/\/trayectoriadeportiva.com\/index.php\/2026\/09\/03\/el-barcelona-convoca-a-sus-socios-en-asamblea-de-nuevo-telematica-el-19-de-septiembre\/","title":{"rendered":"El Barcelona convoca a sus socios en asamblea, de nuevo telem\u00e1tica, el 19 de septiembre"},"content":{"rendered":"<p>La directiva del FC Barcelona ha acordado convocar la asamblea de sus socios compromisarios para el pr\u00f3ximo s\u00e1bado 19 de septiembre. El formato volver\u00e1 a ser telem\u00e1tico y coincidir\u00e1 con el partido que el primer equipo disputar\u00e1 contra el  Sevilla ese mismo d\u00eda, pero no en el Camp Nou sino en el Pizju\u00e1n.\u00a0<\/p>\n<p><a href=\"https:\/\/www.lavanguardia.com\/deportes\/fc-barcelona\/20260903\/11626644\/barcelona-convoca-socios-asamblea-nuevo-telematica-19-septiembre.html\">Seguir leyendo&#8230;<\/a><\/p>","protected":false},"excerpt":{"rendered":"<p>La directiva del FC Barcelona ha acordado convocar la asamblea de sus socios compromisarios para el pr\u00f3ximo s\u00e1bado 19 de septiembre. El formato volver\u00e1 a ser telem\u00e1tico y coincidir\u00e1 con el partido que el primer equipo disputar\u00e1 contra el Sevilla ese mismo d\u00eda, pero no en el Camp Nou sino en el Pizju\u00e1n.\u00a0 Seguir leyendo&#8230;<\/p>\n","protected":false},"author":1,"featured_media":35228,"comment_status":"","ping_status":"","sticky":false,"template":"","format":"standard","meta":{"_et_pb_use_builder":"","_et_pb_old_content":"","_et_gb_content_width":"","footnotes":""},"categories":[1],"tags":[],"class_list":["post-35227","post","type-post","status-publish","format-standard","has-post-thumbnail","hentry","category-blog","et-has-post-format-content","et_post_format-et-post-format-standard"],"_links":{"self":[{"href":"https:\/\/trayectoriadeportiva.com\/index.php\/wp-json\/wp\/v2\/posts\/35227","targetHints":{"allow":["GET"]}}],"collection":[{"href":"https:\/\/trayectoriadeportiva.com\/index.php\/wp-json\/wp\/v2\/posts"}],"about":[{"href":"https:\/\/trayectoriadeportiva.com\/index.php\/wp-json\/wp\/v2\/types\/post"}],"author":[{"embeddable":true,"href":"https:\/\/trayectoriadeportiva.com\/index.php\/wp-json\/wp\/v2\/users\/1"}],"replies":[{"embeddable":true,"href":"https:\/\/trayectoriadeportiva.com\/index.php\/wp-json\/wp\/v2\/comments?post=35227"}],"version-history":[{"count":0,"href":"https:\/\/trayectoriadeportiva.com\/index.php\/wp-json\/wp\/v2\/posts\/35227\/revisions"}],"wp:featuredmedia":[{"embeddable":true,"href":"https:\/\/trayectoriadeportiva.com\/index.php\/wp-json\/wp\/v2\/media\/35228"}],"wp:attachment":[{"href":"https:\/\/trayectoriadeportiva.com\/index.php\/wp-json\/wp\/v2\/media?parent=35227"}],"wp:term":[{"taxonomy":"category","embeddable":true,"href":"https:\/\/trayectoriadeportiva.com\/index.php\/wp-json\/wp\/v2\/categories?post=35227"},{"taxonomy":"post_tag","embeddable":true,"href":"https:\/\/trayectoriadeportiva.com\/index.php\/wp-json\/wp\/v2\/tags?post=35227"}],"curies":[{"name":"wp","href":"https:\/\/api.w.org\/{rel}","templated":true}]}}