{"id":35229,"date":"2026-09-03T18:14:42","date_gmt":"2026-09-03T18:14:42","guid":{"rendered":"https:\/\/trayectoriadeportiva.com\/index.php\/2026\/09\/03\/espana-en-busca-de-la-medalla-perdida\/"},"modified":"2026-09-03T18:14:42","modified_gmt":"2026-09-03T18:14:42","slug":"espana-en-busca-de-la-medalla-perdida","status":"publish","type":"post","link":"https:\/\/trayectoriadeportiva.com\/index.php\/2026\/09\/03\/espana-en-busca-de-la-medalla-perdida\/","title":{"rendered":"Espa\u00f1a, en busca de la medalla perdida"},"content":{"rendered":"<p>Despu\u00e9s de ver el \u00faltimo Mundial 2022 de Australia por televisi\u00f3n, al quedarse fuera por aquella derrota ante Rusia en el Eurobasket\u201921 en Val\u00e8ncia, la selecci\u00f3n espa\u00f1ola femenina regresa hoy al campeonato del Mundo con hambre acumulada en busca de la medalla perdida hace cuatro a\u00f1os.\u00a0<\/p>\n<p><a href=\"https:\/\/www.lavanguardia.com\/deportes\/20260903\/11626643\/espana-busca-medalla-perdida.html\">Seguir leyendo&#8230;<\/a><\/p>","protected":false},"excerpt":{"rendered":"<p>Despu\u00e9s de ver el \u00faltimo Mundial 2022 de Australia por televisi\u00f3n, al quedarse fuera por aquella derrota ante Rusia en el Eurobasket\u201921 en Val\u00e8ncia, la selecci\u00f3n espa\u00f1ola femenina regresa hoy al campeonato del Mundo con hambre acumulada en busca de la medalla perdida hace cuatro a\u00f1os.\u00a0 Seguir leyendo&#8230;<\/p>\n","protected":false},"author":1,"featured_media":35230,"comment_status":"","ping_status":"","sticky":false,"template":"","format":"standard","meta":{"_et_pb_use_builder":"","_et_pb_old_content":"","_et_gb_content_width":"","footnotes":""},"categories":[1],"tags":[],"class_list":["post-35229","post","type-post","status-publish","format-standard","has-post-thumbnail","hentry","category-blog","et-has-post-format-content","et_post_format-et-post-format-standard"],"_links":{"self":[{"href":"https:\/\/trayectoriadeportiva.com\/index.php\/wp-json\/wp\/v2\/posts\/35229","targetHints":{"allow":["GET"]}}],"collection":[{"href":"https:\/\/trayectoriadeportiva.com\/index.php\/wp-json\/wp\/v2\/posts"}],"about":[{"href":"https:\/\/trayectoriadeportiva.com\/index.php\/wp-json\/wp\/v2\/types\/post"}],"author":[{"embeddable":true,"href":"https:\/\/trayectoriadeportiva.com\/index.php\/wp-json\/wp\/v2\/users\/1"}],"replies":[{"embeddable":true,"href":"https:\/\/trayectoriadeportiva.com\/index.php\/wp-json\/wp\/v2\/comments?post=35229"}],"version-history":[{"count":0,"href":"https:\/\/trayectoriadeportiva.com\/index.php\/wp-json\/wp\/v2\/posts\/35229\/revisions"}],"wp:featuredmedia":[{"embeddable":true,"href":"https:\/\/trayectoriadeportiva.com\/index.php\/wp-json\/wp\/v2\/media\/35230"}],"wp:attachment":[{"href":"https:\/\/trayectoriadeportiva.com\/index.php\/wp-json\/wp\/v2\/media?parent=35229"}],"wp:term":[{"taxonomy":"category","embeddable":true,"href":"https:\/\/trayectoriadeportiva.com\/index.php\/wp-json\/wp\/v2\/categories?post=35229"},{"taxonomy":"post_tag","embeddable":true,"href":"https:\/\/trayectoriadeportiva.com\/index.php\/wp-json\/wp\/v2\/tags?post=35229"}],"curies":[{"name":"wp","href":"https:\/\/api.w.org\/{rel}","templated":true}]}}