{"id":35233,"date":"2026-09-03T20:43:46","date_gmt":"2026-09-03T20:43:46","guid":{"rendered":"https:\/\/trayectoriadeportiva.com\/index.php\/2026\/09\/03\/asi-es-el-casco-rojo-y-amarillo-con-el-que-fernando-alonso-homenajeara-en-monza-a-adrian-campos-su-descubridor\/"},"modified":"2026-09-03T20:43:46","modified_gmt":"2026-09-03T20:43:46","slug":"asi-es-el-casco-rojo-y-amarillo-con-el-que-fernando-alonso-homenajeara-en-monza-a-adrian-campos-su-descubridor","status":"publish","type":"post","link":"https:\/\/trayectoriadeportiva.com\/index.php\/2026\/09\/03\/asi-es-el-casco-rojo-y-amarillo-con-el-que-fernando-alonso-homenajeara-en-monza-a-adrian-campos-su-descubridor\/","title":{"rendered":"As\u00ed es el casco rojo y amarillo con el que Fernando Alonso homenajear\u00e1 en Monza a Adri\u00e1n Campos, su descubridor"},"content":{"rendered":"<p>Fernando Alonso, piloto de <a href=\"https:\/\/www.lavanguardia.com\/clic\/20260805\/11608546\/desvelan-sueldo-pide-fernando-alonso-renovar-aston-martin-cuando-quiere-firmar-lol.html\">Aston Martin<\/a>, llevar\u00e1 un casco muy diferente al habitual este fin de semana en Monza. El azul y amarillo que durante tantos a\u00f1os han identificado al asturiano dejar\u00e1n paso a un dise\u00f1o dominado por el rojo y el amarillo para rendir homenaje a Adri\u00e1n Campos, una de las personas fundamentales para entender su llegada a la <a href=\"https:\/\/www.lavanguardia.com\/clic\/20260713\/11591220\/director-madring-revela-queja-hamilton-probar-nuevo-circuito-formula-1-madrid-lol.html\">F\u00f3rmula 1<\/a>.<\/p>\n<p><a href=\"https:\/\/www.lavanguardia.com\/clic\/20260903\/11626681\/asi-casco-rojo-amarillo-fernando-alonso-homenajeara-monza-adrian-campos-descubridor-lol.html\">Seguir leyendo&#8230;<\/a><\/p>","protected":false},"excerpt":{"rendered":"<p>Fernando Alonso, piloto de Aston Martin, llevar\u00e1 un casco muy diferente al habitual este fin de semana en Monza. El azul y amarillo que durante tantos a\u00f1os han identificado al asturiano dejar\u00e1n paso a un dise\u00f1o dominado por el rojo y el amarillo para rendir homenaje a Adri\u00e1n Campos, una de las personas fundamentales para [&hellip;]<\/p>\n","protected":false},"author":1,"featured_media":35234,"comment_status":"","ping_status":"","sticky":false,"template":"","format":"standard","meta":{"_et_pb_use_builder":"","_et_pb_old_content":"","_et_gb_content_width":"","footnotes":""},"categories":[1],"tags":[],"class_list":["post-35233","post","type-post","status-publish","format-standard","has-post-thumbnail","hentry","category-blog","et-has-post-format-content","et_post_format-et-post-format-standard"],"_links":{"self":[{"href":"https:\/\/trayectoriadeportiva.com\/index.php\/wp-json\/wp\/v2\/posts\/35233","targetHints":{"allow":["GET"]}}],"collection":[{"href":"https:\/\/trayectoriadeportiva.com\/index.php\/wp-json\/wp\/v2\/posts"}],"about":[{"href":"https:\/\/trayectoriadeportiva.com\/index.php\/wp-json\/wp\/v2\/types\/post"}],"author":[{"embeddable":true,"href":"https:\/\/trayectoriadeportiva.com\/index.php\/wp-json\/wp\/v2\/users\/1"}],"replies":[{"embeddable":true,"href":"https:\/\/trayectoriadeportiva.com\/index.php\/wp-json\/wp\/v2\/comments?post=35233"}],"version-history":[{"count":0,"href":"https:\/\/trayectoriadeportiva.com\/index.php\/wp-json\/wp\/v2\/posts\/35233\/revisions"}],"wp:featuredmedia":[{"embeddable":true,"href":"https:\/\/trayectoriadeportiva.com\/index.php\/wp-json\/wp\/v2\/media\/35234"}],"wp:attachment":[{"href":"https:\/\/trayectoriadeportiva.com\/index.php\/wp-json\/wp\/v2\/media?parent=35233"}],"wp:term":[{"taxonomy":"category","embeddable":true,"href":"https:\/\/trayectoriadeportiva.com\/index.php\/wp-json\/wp\/v2\/categories?post=35233"},{"taxonomy":"post_tag","embeddable":true,"href":"https:\/\/trayectoriadeportiva.com\/index.php\/wp-json\/wp\/v2\/tags?post=35233"}],"curies":[{"name":"wp","href":"https:\/\/api.w.org\/{rel}","templated":true}]}}