{"id":35257,"date":"2026-09-04T11:05:39","date_gmt":"2026-09-04T11:05:39","guid":{"rendered":"https:\/\/trayectoriadeportiva.com\/index.php\/2026\/09\/04\/marc-marquez-comparte-una-fotografia-que-muestra-las-secuelas-en-su-brazo-derecho\/"},"modified":"2026-09-04T11:05:39","modified_gmt":"2026-09-04T11:05:39","slug":"marc-marquez-comparte-una-fotografia-que-muestra-las-secuelas-en-su-brazo-derecho","status":"publish","type":"post","link":"https:\/\/trayectoriadeportiva.com\/index.php\/2026\/09\/04\/marc-marquez-comparte-una-fotografia-que-muestra-las-secuelas-en-su-brazo-derecho\/","title":{"rendered":"Marc M\u00e1rquez comparte una fotograf\u00eda que muestra las secuelas en su brazo derecho"},"content":{"rendered":"<p>Marc M\u00e1rquez atraviesa uno de sus mejores momentos deportivos despu\u00e9s de su doble victoria en el <a href=\"https:\/\/www.lavanguardia.com\/deportes\/20260830\/11623135\/motogp-gp-aragon-carrera-alcaniz-motorland-marc-marquez-alex-bezzecchi.html\">Gran Premio de Arag\u00f3n<\/a>, pero una fotograf\u00eda compartida por el propio piloto ha vuelto a poner el foco sobre uno de los grandes condicionantes de su carrera: las secuelas que arrastra en su brazo derecho.<\/p>\n<p><a href=\"https:\/\/www.lavanguardia.com\/clic\/20260904\/11627220\/marc-marquez-comparte-fotografia-muestra-secuelas-brazo-derecho-lol.html\">Seguir leyendo&#8230;<\/a><\/p>","protected":false},"excerpt":{"rendered":"<p>Marc M\u00e1rquez atraviesa uno de sus mejores momentos deportivos despu\u00e9s de su doble victoria en el Gran Premio de Arag\u00f3n, pero una fotograf\u00eda compartida por el propio piloto ha vuelto a poner el foco sobre uno de los grandes condicionantes de su carrera: las secuelas que arrastra en su brazo derecho. Seguir leyendo&#8230;<\/p>\n","protected":false},"author":1,"featured_media":35258,"comment_status":"","ping_status":"","sticky":false,"template":"","format":"standard","meta":{"_et_pb_use_builder":"","_et_pb_old_content":"","_et_gb_content_width":"","footnotes":""},"categories":[1],"tags":[],"class_list":["post-35257","post","type-post","status-publish","format-standard","has-post-thumbnail","hentry","category-blog","et-has-post-format-content","et_post_format-et-post-format-standard"],"_links":{"self":[{"href":"https:\/\/trayectoriadeportiva.com\/index.php\/wp-json\/wp\/v2\/posts\/35257","targetHints":{"allow":["GET"]}}],"collection":[{"href":"https:\/\/trayectoriadeportiva.com\/index.php\/wp-json\/wp\/v2\/posts"}],"about":[{"href":"https:\/\/trayectoriadeportiva.com\/index.php\/wp-json\/wp\/v2\/types\/post"}],"author":[{"embeddable":true,"href":"https:\/\/trayectoriadeportiva.com\/index.php\/wp-json\/wp\/v2\/users\/1"}],"replies":[{"embeddable":true,"href":"https:\/\/trayectoriadeportiva.com\/index.php\/wp-json\/wp\/v2\/comments?post=35257"}],"version-history":[{"count":0,"href":"https:\/\/trayectoriadeportiva.com\/index.php\/wp-json\/wp\/v2\/posts\/35257\/revisions"}],"wp:featuredmedia":[{"embeddable":true,"href":"https:\/\/trayectoriadeportiva.com\/index.php\/wp-json\/wp\/v2\/media\/35258"}],"wp:attachment":[{"href":"https:\/\/trayectoriadeportiva.com\/index.php\/wp-json\/wp\/v2\/media?parent=35257"}],"wp:term":[{"taxonomy":"category","embeddable":true,"href":"https:\/\/trayectoriadeportiva.com\/index.php\/wp-json\/wp\/v2\/categories?post=35257"},{"taxonomy":"post_tag","embeddable":true,"href":"https:\/\/trayectoriadeportiva.com\/index.php\/wp-json\/wp\/v2\/tags?post=35257"}],"curies":[{"name":"wp","href":"https:\/\/api.w.org\/{rel}","templated":true}]}}