{"id":35261,"date":"2026-09-04T16:00:46","date_gmt":"2026-09-04T16:00:46","guid":{"rendered":"https:\/\/trayectoriadeportiva.com\/index.php\/2026\/09\/04\/en-el-horno-de-la-vuelta-van-aert-dignifica-la-profesion-con-un-triunfo-de-muchos-quilates\/"},"modified":"2026-09-04T16:00:46","modified_gmt":"2026-09-04T16:00:46","slug":"en-el-horno-de-la-vuelta-van-aert-dignifica-la-profesion-con-un-triunfo-de-muchos-quilates","status":"publish","type":"post","link":"https:\/\/trayectoriadeportiva.com\/index.php\/2026\/09\/04\/en-el-horno-de-la-vuelta-van-aert-dignifica-la-profesion-con-un-triunfo-de-muchos-quilates\/","title":{"rendered":"En el horno de la Vuelta, Van Aert dignifica la profesi\u00f3n con un triunfo de muchos quilates"},"content":{"rendered":"<p>Enric Mas lleva tantos d\u00edas, ya seis con el maillot rojo, insistiendo que le va bien el calor que en la salida le regalan un estufa. \u201cAhora no puedo decir que me he pasado. Estamos en Andaluc\u00eda y es verano, yo creo que es normal el calor\u201d, dice el l\u00edder. Pero los casi 200 km de Almu\u00f1\u00e9car a Loja se convierten en un horno. La temperatura llega a los 39 grados.<\/p>\n<p><a href=\"https:\/\/www.lavanguardia.com\/deportes\/20260904\/11627468\/horno-vuelta-aert-dignifica-profesion-triunfo-disputado.html\">Seguir leyendo&#8230;<\/a><\/p>","protected":false},"excerpt":{"rendered":"<p>Enric Mas lleva tantos d\u00edas, ya seis con el maillot rojo, insistiendo que le va bien el calor que en la salida le regalan un estufa. \u201cAhora no puedo decir que me he pasado. Estamos en Andaluc\u00eda y es verano, yo creo que es normal el calor\u201d, dice el l\u00edder. Pero los casi 200 km [&hellip;]<\/p>\n","protected":false},"author":1,"featured_media":35262,"comment_status":"","ping_status":"","sticky":false,"template":"","format":"standard","meta":{"_et_pb_use_builder":"","_et_pb_old_content":"","_et_gb_content_width":"","footnotes":""},"categories":[1],"tags":[],"class_list":["post-35261","post","type-post","status-publish","format-standard","has-post-thumbnail","hentry","category-blog","et-has-post-format-content","et_post_format-et-post-format-standard"],"_links":{"self":[{"href":"https:\/\/trayectoriadeportiva.com\/index.php\/wp-json\/wp\/v2\/posts\/35261","targetHints":{"allow":["GET"]}}],"collection":[{"href":"https:\/\/trayectoriadeportiva.com\/index.php\/wp-json\/wp\/v2\/posts"}],"about":[{"href":"https:\/\/trayectoriadeportiva.com\/index.php\/wp-json\/wp\/v2\/types\/post"}],"author":[{"embeddable":true,"href":"https:\/\/trayectoriadeportiva.com\/index.php\/wp-json\/wp\/v2\/users\/1"}],"replies":[{"embeddable":true,"href":"https:\/\/trayectoriadeportiva.com\/index.php\/wp-json\/wp\/v2\/comments?post=35261"}],"version-history":[{"count":0,"href":"https:\/\/trayectoriadeportiva.com\/index.php\/wp-json\/wp\/v2\/posts\/35261\/revisions"}],"wp:featuredmedia":[{"embeddable":true,"href":"https:\/\/trayectoriadeportiva.com\/index.php\/wp-json\/wp\/v2\/media\/35262"}],"wp:attachment":[{"href":"https:\/\/trayectoriadeportiva.com\/index.php\/wp-json\/wp\/v2\/media?parent=35261"}],"wp:term":[{"taxonomy":"category","embeddable":true,"href":"https:\/\/trayectoriadeportiva.com\/index.php\/wp-json\/wp\/v2\/categories?post=35261"},{"taxonomy":"post_tag","embeddable":true,"href":"https:\/\/trayectoriadeportiva.com\/index.php\/wp-json\/wp\/v2\/tags?post=35261"}],"curies":[{"name":"wp","href":"https:\/\/api.w.org\/{rel}","templated":true}]}}