{"id":35263,"date":"2026-09-04T17:35:36","date_gmt":"2026-09-04T17:35:36","guid":{"rendered":"https:\/\/trayectoriadeportiva.com\/index.php\/2026\/09\/04\/espana-se-estrena-en-el-mundial-divirtiendose-con-un-festival-de-triples-14-y-un-30\/"},"modified":"2026-09-04T17:35:36","modified_gmt":"2026-09-04T17:35:36","slug":"espana-se-estrena-en-el-mundial-divirtiendose-con-un-festival-de-triples-14-y-un-30","status":"publish","type":"post","link":"https:\/\/trayectoriadeportiva.com\/index.php\/2026\/09\/04\/espana-se-estrena-en-el-mundial-divirtiendose-con-un-festival-de-triples-14-y-un-30\/","title":{"rendered":"Espa\u00f1a se estrena en el Mundial divirti\u00e9ndose con un festival de triples (14) y un +30"},"content":{"rendered":"<p>La selecci\u00f3n espa\u00f1ola femenina regres\u00f3 al Mundial, tras ocho a\u00f1os de ausencia, por la puerta grande, con una exhibici\u00f3n con la que lanza su candidatura a las medallas. Apabull\u00f3 a la anfitriona Alemania con un +30 (83-53) y un festival de triples brutal: 14 de 28, un 50% de acierto.<\/p>\n<p><a href=\"https:\/\/www.lavanguardia.com\/deportes\/20260904\/11627547\/baloncesto-femenino-espana-mundial-estreno-debut-alemania-festival-triples.html\">Seguir leyendo&#8230;<\/a><\/p>","protected":false},"excerpt":{"rendered":"<p>La selecci\u00f3n espa\u00f1ola femenina regres\u00f3 al Mundial, tras ocho a\u00f1os de ausencia, por la puerta grande, con una exhibici\u00f3n con la que lanza su candidatura a las medallas. Apabull\u00f3 a la anfitriona Alemania con un +30 (83-53) y un festival de triples brutal: 14 de 28, un 50% de acierto. Seguir leyendo&#8230;<\/p>\n","protected":false},"author":1,"featured_media":35264,"comment_status":"","ping_status":"","sticky":false,"template":"","format":"standard","meta":{"_et_pb_use_builder":"","_et_pb_old_content":"","_et_gb_content_width":"","footnotes":""},"categories":[1],"tags":[],"class_list":["post-35263","post","type-post","status-publish","format-standard","has-post-thumbnail","hentry","category-blog","et-has-post-format-content","et_post_format-et-post-format-standard"],"_links":{"self":[{"href":"https:\/\/trayectoriadeportiva.com\/index.php\/wp-json\/wp\/v2\/posts\/35263","targetHints":{"allow":["GET"]}}],"collection":[{"href":"https:\/\/trayectoriadeportiva.com\/index.php\/wp-json\/wp\/v2\/posts"}],"about":[{"href":"https:\/\/trayectoriadeportiva.com\/index.php\/wp-json\/wp\/v2\/types\/post"}],"author":[{"embeddable":true,"href":"https:\/\/trayectoriadeportiva.com\/index.php\/wp-json\/wp\/v2\/users\/1"}],"replies":[{"embeddable":true,"href":"https:\/\/trayectoriadeportiva.com\/index.php\/wp-json\/wp\/v2\/comments?post=35263"}],"version-history":[{"count":0,"href":"https:\/\/trayectoriadeportiva.com\/index.php\/wp-json\/wp\/v2\/posts\/35263\/revisions"}],"wp:featuredmedia":[{"embeddable":true,"href":"https:\/\/trayectoriadeportiva.com\/index.php\/wp-json\/wp\/v2\/media\/35264"}],"wp:attachment":[{"href":"https:\/\/trayectoriadeportiva.com\/index.php\/wp-json\/wp\/v2\/media?parent=35263"}],"wp:term":[{"taxonomy":"category","embeddable":true,"href":"https:\/\/trayectoriadeportiva.com\/index.php\/wp-json\/wp\/v2\/categories?post=35263"},{"taxonomy":"post_tag","embeddable":true,"href":"https:\/\/trayectoriadeportiva.com\/index.php\/wp-json\/wp\/v2\/tags?post=35263"}],"curies":[{"name":"wp","href":"https:\/\/api.w.org\/{rel}","templated":true}]}}