{"id":35291,"date":"2026-09-04T22:52:50","date_gmt":"2026-09-04T22:52:50","guid":{"rendered":"https:\/\/trayectoriadeportiva.com\/index.php\/2026\/09\/04\/el-psg-anuncia-la-renovacion-de-luis-enrique-y-cinco-jugadores-mas-entre-ellos-fabian-ruiz\/"},"modified":"2026-09-04T22:52:50","modified_gmt":"2026-09-04T22:52:50","slug":"el-psg-anuncia-la-renovacion-de-luis-enrique-y-cinco-jugadores-mas-entre-ellos-fabian-ruiz","status":"publish","type":"post","link":"https:\/\/trayectoriadeportiva.com\/index.php\/2026\/09\/04\/el-psg-anuncia-la-renovacion-de-luis-enrique-y-cinco-jugadores-mas-entre-ellos-fabian-ruiz\/","title":{"rendered":"El PSG anuncia la renovaci\u00f3n de Luis Enrique y cinco jugadores m\u00e1s, entre ellos Fabi\u00e1n Ruiz"},"content":{"rendered":"<p>El Par\u00eds Saint-Germain renov\u00f3 el contrato del entrenador del primer equipo, Luis Enrique, hasta 2030 y lleg\u00f3 a un acuerdo con cinco jugadores del primer equipo, anunci\u00f3 este viernes el campe\u00f3n de Francia.<\/p>\n<p><a href=\"https:\/\/www.lavanguardia.com\/deportes\/futbol\/20260905\/11627834\/psg-anuncia-renovacion-luis-enrique-cinco-jugadores-mas-fabian-ruiz.html\">Seguir leyendo&#8230;<\/a><\/p>","protected":false},"excerpt":{"rendered":"<p>El Par\u00eds Saint-Germain renov\u00f3 el contrato del entrenador del primer equipo, Luis Enrique, hasta 2030 y lleg\u00f3 a un acuerdo con cinco jugadores del primer equipo, anunci\u00f3 este viernes el campe\u00f3n de Francia. Seguir leyendo&#8230;<\/p>\n","protected":false},"author":1,"featured_media":35292,"comment_status":"","ping_status":"","sticky":false,"template":"","format":"standard","meta":{"_et_pb_use_builder":"","_et_pb_old_content":"","_et_gb_content_width":"","footnotes":""},"categories":[1],"tags":[],"class_list":["post-35291","post","type-post","status-publish","format-standard","has-post-thumbnail","hentry","category-blog","et-has-post-format-content","et_post_format-et-post-format-standard"],"_links":{"self":[{"href":"https:\/\/trayectoriadeportiva.com\/index.php\/wp-json\/wp\/v2\/posts\/35291","targetHints":{"allow":["GET"]}}],"collection":[{"href":"https:\/\/trayectoriadeportiva.com\/index.php\/wp-json\/wp\/v2\/posts"}],"about":[{"href":"https:\/\/trayectoriadeportiva.com\/index.php\/wp-json\/wp\/v2\/types\/post"}],"author":[{"embeddable":true,"href":"https:\/\/trayectoriadeportiva.com\/index.php\/wp-json\/wp\/v2\/users\/1"}],"replies":[{"embeddable":true,"href":"https:\/\/trayectoriadeportiva.com\/index.php\/wp-json\/wp\/v2\/comments?post=35291"}],"version-history":[{"count":0,"href":"https:\/\/trayectoriadeportiva.com\/index.php\/wp-json\/wp\/v2\/posts\/35291\/revisions"}],"wp:featuredmedia":[{"embeddable":true,"href":"https:\/\/trayectoriadeportiva.com\/index.php\/wp-json\/wp\/v2\/media\/35292"}],"wp:attachment":[{"href":"https:\/\/trayectoriadeportiva.com\/index.php\/wp-json\/wp\/v2\/media?parent=35291"}],"wp:term":[{"taxonomy":"category","embeddable":true,"href":"https:\/\/trayectoriadeportiva.com\/index.php\/wp-json\/wp\/v2\/categories?post=35291"},{"taxonomy":"post_tag","embeddable":true,"href":"https:\/\/trayectoriadeportiva.com\/index.php\/wp-json\/wp\/v2\/tags?post=35291"}],"curies":[{"name":"wp","href":"https:\/\/api.w.org\/{rel}","templated":true}]}}