{"id":35299,"date":"2026-09-05T04:00:00","date_gmt":"2026-09-05T04:00:00","guid":{"rendered":"https:\/\/trayectoriadeportiva.com\/index.php\/2026\/09\/05\/daniela-terol-fue-olimpica-en-paris-y-ahora-quiere-que-le-acompane-su-hermana-pequena\/"},"modified":"2026-09-05T04:00:00","modified_gmt":"2026-09-05T04:00:00","slug":"daniela-terol-fue-olimpica-en-paris-y-ahora-quiere-que-le-acompane-su-hermana-pequena","status":"publish","type":"post","link":"https:\/\/trayectoriadeportiva.com\/index.php\/2026\/09\/05\/daniela-terol-fue-olimpica-en-paris-y-ahora-quiere-que-le-acompane-su-hermana-pequena\/","title":{"rendered":"Daniela Terol fue ol\u00edmpica en Par\u00eds y ahora quiere que le acompa\u00f1e su hermana peque\u00f1a"},"content":{"rendered":"<p><i> \u00bfQu\u00e9 es la vida? Un frenes\u00ed. <\/i><\/p>\n<p><a href=\"https:\/\/www.lavanguardia.com\/deportes\/otros-deportes\/20260905\/11627516\/daniela-terol-olimpica-paris-quiere-le-acompane-hermana-pequena.html\">Seguir leyendo&#8230;<\/a><\/p>","protected":false},"excerpt":{"rendered":"<p>\u00bfQu\u00e9 es la vida? Un frenes\u00ed. Seguir leyendo&#8230;<\/p>\n","protected":false},"author":1,"featured_media":35300,"comment_status":"","ping_status":"","sticky":false,"template":"","format":"standard","meta":{"_et_pb_use_builder":"","_et_pb_old_content":"","_et_gb_content_width":"","footnotes":""},"categories":[1],"tags":[],"class_list":["post-35299","post","type-post","status-publish","format-standard","has-post-thumbnail","hentry","category-blog","et-has-post-format-content","et_post_format-et-post-format-standard"],"_links":{"self":[{"href":"https:\/\/trayectoriadeportiva.com\/index.php\/wp-json\/wp\/v2\/posts\/35299","targetHints":{"allow":["GET"]}}],"collection":[{"href":"https:\/\/trayectoriadeportiva.com\/index.php\/wp-json\/wp\/v2\/posts"}],"about":[{"href":"https:\/\/trayectoriadeportiva.com\/index.php\/wp-json\/wp\/v2\/types\/post"}],"author":[{"embeddable":true,"href":"https:\/\/trayectoriadeportiva.com\/index.php\/wp-json\/wp\/v2\/users\/1"}],"replies":[{"embeddable":true,"href":"https:\/\/trayectoriadeportiva.com\/index.php\/wp-json\/wp\/v2\/comments?post=35299"}],"version-history":[{"count":0,"href":"https:\/\/trayectoriadeportiva.com\/index.php\/wp-json\/wp\/v2\/posts\/35299\/revisions"}],"wp:featuredmedia":[{"embeddable":true,"href":"https:\/\/trayectoriadeportiva.com\/index.php\/wp-json\/wp\/v2\/media\/35300"}],"wp:attachment":[{"href":"https:\/\/trayectoriadeportiva.com\/index.php\/wp-json\/wp\/v2\/media?parent=35299"}],"wp:term":[{"taxonomy":"category","embeddable":true,"href":"https:\/\/trayectoriadeportiva.com\/index.php\/wp-json\/wp\/v2\/categories?post=35299"},{"taxonomy":"post_tag","embeddable":true,"href":"https:\/\/trayectoriadeportiva.com\/index.php\/wp-json\/wp\/v2\/tags?post=35299"}],"curies":[{"name":"wp","href":"https:\/\/api.w.org\/{rel}","templated":true}]}}