{"id":35301,"date":"2026-09-05T04:00:00","date_gmt":"2026-09-05T04:00:00","guid":{"rendered":"https:\/\/trayectoriadeportiva.com\/index.php\/2026\/09\/05\/mas-de-1-500-policias-cada-dia-controlaran-los-accesos-al-circuito-de-formula-1-en-madrid\/"},"modified":"2026-09-05T04:00:00","modified_gmt":"2026-09-05T04:00:00","slug":"mas-de-1-500-policias-cada-dia-controlaran-los-accesos-al-circuito-de-formula-1-en-madrid","status":"publish","type":"post","link":"https:\/\/trayectoriadeportiva.com\/index.php\/2026\/09\/05\/mas-de-1-500-policias-cada-dia-controlaran-los-accesos-al-circuito-de-formula-1-en-madrid\/","title":{"rendered":"M\u00e1s de 1.500 polic\u00edas cada d\u00eda controlar\u00e1n los accesos al circuito de F\u00f3rmula 1 en Madrid"},"content":{"rendered":"<p>Cerca de 1.500 agentes de la Polic\u00eda Nacional y de la Guardia Civil se desplegar\u00e1n cada d\u00eda durante el Gran Premio de Espa\u00f1a de F\u00f3rmula 1 en Madrid, que se disputar\u00e1 entre los pr\u00f3ximos d\u00edas 11 y 13, informa la Delegaci\u00f3n del Gobierno.<\/p>\n<p><a href=\"https:\/\/www.lavanguardia.com\/local\/madrid\/20260905\/11627350\/mas-1-500-policias-dia-controlaran-accesos-circuito-formula-1-madrid.html\">Seguir leyendo&#8230;<\/a><\/p>","protected":false},"excerpt":{"rendered":"<p>Cerca de 1.500 agentes de la Polic\u00eda Nacional y de la Guardia Civil se desplegar\u00e1n cada d\u00eda durante el Gran Premio de Espa\u00f1a de F\u00f3rmula 1 en Madrid, que se disputar\u00e1 entre los pr\u00f3ximos d\u00edas 11 y 13, informa la Delegaci\u00f3n del Gobierno. Seguir leyendo&#8230;<\/p>\n","protected":false},"author":1,"featured_media":35302,"comment_status":"","ping_status":"","sticky":false,"template":"","format":"standard","meta":{"_et_pb_use_builder":"","_et_pb_old_content":"","_et_gb_content_width":"","footnotes":""},"categories":[1],"tags":[],"class_list":["post-35301","post","type-post","status-publish","format-standard","has-post-thumbnail","hentry","category-blog","et-has-post-format-content","et_post_format-et-post-format-standard"],"_links":{"self":[{"href":"https:\/\/trayectoriadeportiva.com\/index.php\/wp-json\/wp\/v2\/posts\/35301","targetHints":{"allow":["GET"]}}],"collection":[{"href":"https:\/\/trayectoriadeportiva.com\/index.php\/wp-json\/wp\/v2\/posts"}],"about":[{"href":"https:\/\/trayectoriadeportiva.com\/index.php\/wp-json\/wp\/v2\/types\/post"}],"author":[{"embeddable":true,"href":"https:\/\/trayectoriadeportiva.com\/index.php\/wp-json\/wp\/v2\/users\/1"}],"replies":[{"embeddable":true,"href":"https:\/\/trayectoriadeportiva.com\/index.php\/wp-json\/wp\/v2\/comments?post=35301"}],"version-history":[{"count":0,"href":"https:\/\/trayectoriadeportiva.com\/index.php\/wp-json\/wp\/v2\/posts\/35301\/revisions"}],"wp:featuredmedia":[{"embeddable":true,"href":"https:\/\/trayectoriadeportiva.com\/index.php\/wp-json\/wp\/v2\/media\/35302"}],"wp:attachment":[{"href":"https:\/\/trayectoriadeportiva.com\/index.php\/wp-json\/wp\/v2\/media?parent=35301"}],"wp:term":[{"taxonomy":"category","embeddable":true,"href":"https:\/\/trayectoriadeportiva.com\/index.php\/wp-json\/wp\/v2\/categories?post=35301"},{"taxonomy":"post_tag","embeddable":true,"href":"https:\/\/trayectoriadeportiva.com\/index.php\/wp-json\/wp\/v2\/tags?post=35301"}],"curies":[{"name":"wp","href":"https:\/\/api.w.org\/{rel}","templated":true}]}}