{"id":35303,"date":"2026-09-05T09:15:24","date_gmt":"2026-09-05T09:15:24","guid":{"rendered":"https:\/\/trayectoriadeportiva.com\/index.php\/2026\/09\/05\/lamine-yamal-baja-en-el-ultimo-entrenamiento-antes-de-viajar-a-valencia\/"},"modified":"2026-09-05T09:15:24","modified_gmt":"2026-09-05T09:15:24","slug":"lamine-yamal-baja-en-el-ultimo-entrenamiento-antes-de-viajar-a-valencia","status":"publish","type":"post","link":"https:\/\/trayectoriadeportiva.com\/index.php\/2026\/09\/05\/lamine-yamal-baja-en-el-ultimo-entrenamiento-antes-de-viajar-a-valencia\/","title":{"rendered":"Lamine Yamal, baja en el \u00faltimo entrenamiento antes de viajar a Valencia"},"content":{"rendered":"<p>Lamine Yamal lleg\u00f3 a la Ciutat Esportiva del Barcelona a las 8.50 horas. El equipo estaba convocado a las 9.00 horas para desayunar y realizar la pertinente sesi\u00f3n de v\u00eddeo antes de saltar al c\u00e9sped para entrenar. Sin embargo, el extremo no se ejercit\u00f3 con sus compa\u00f1eros y permaneci\u00f3 en el gimnasio.<\/p>\n<p><a href=\"https:\/\/www.lavanguardia.com\/deportes\/fc-barcelona\/20260905\/11627886\/lamine-yamal-baja-ultimo-entrenamiento-viajar-valencia.html\">Seguir leyendo&#8230;<\/a><\/p>","protected":false},"excerpt":{"rendered":"<p>Lamine Yamal lleg\u00f3 a la Ciutat Esportiva del Barcelona a las 8.50 horas. El equipo estaba convocado a las 9.00 horas para desayunar y realizar la pertinente sesi\u00f3n de v\u00eddeo antes de saltar al c\u00e9sped para entrenar. Sin embargo, el extremo no se ejercit\u00f3 con sus compa\u00f1eros y permaneci\u00f3 en el gimnasio. Seguir leyendo&#8230;<\/p>\n","protected":false},"author":1,"featured_media":35304,"comment_status":"","ping_status":"","sticky":false,"template":"","format":"standard","meta":{"_et_pb_use_builder":"","_et_pb_old_content":"","_et_gb_content_width":"","footnotes":""},"categories":[1],"tags":[],"class_list":["post-35303","post","type-post","status-publish","format-standard","has-post-thumbnail","hentry","category-blog","et-has-post-format-content","et_post_format-et-post-format-standard"],"_links":{"self":[{"href":"https:\/\/trayectoriadeportiva.com\/index.php\/wp-json\/wp\/v2\/posts\/35303","targetHints":{"allow":["GET"]}}],"collection":[{"href":"https:\/\/trayectoriadeportiva.com\/index.php\/wp-json\/wp\/v2\/posts"}],"about":[{"href":"https:\/\/trayectoriadeportiva.com\/index.php\/wp-json\/wp\/v2\/types\/post"}],"author":[{"embeddable":true,"href":"https:\/\/trayectoriadeportiva.com\/index.php\/wp-json\/wp\/v2\/users\/1"}],"replies":[{"embeddable":true,"href":"https:\/\/trayectoriadeportiva.com\/index.php\/wp-json\/wp\/v2\/comments?post=35303"}],"version-history":[{"count":0,"href":"https:\/\/trayectoriadeportiva.com\/index.php\/wp-json\/wp\/v2\/posts\/35303\/revisions"}],"wp:featuredmedia":[{"embeddable":true,"href":"https:\/\/trayectoriadeportiva.com\/index.php\/wp-json\/wp\/v2\/media\/35304"}],"wp:attachment":[{"href":"https:\/\/trayectoriadeportiva.com\/index.php\/wp-json\/wp\/v2\/media?parent=35303"}],"wp:term":[{"taxonomy":"category","embeddable":true,"href":"https:\/\/trayectoriadeportiva.com\/index.php\/wp-json\/wp\/v2\/categories?post=35303"},{"taxonomy":"post_tag","embeddable":true,"href":"https:\/\/trayectoriadeportiva.com\/index.php\/wp-json\/wp\/v2\/tags?post=35303"}],"curies":[{"name":"wp","href":"https:\/\/api.w.org\/{rel}","templated":true}]}}