{"id":35307,"date":"2026-09-05T11:15:51","date_gmt":"2026-09-05T11:15:51","guid":{"rendered":"https:\/\/trayectoriadeportiva.com\/index.php\/2026\/09\/05\/fallece-un-ciclista-que-choco-contra-otro-en-la-contrarreloj-de-la-vuelta-soria-master\/"},"modified":"2026-09-05T11:15:51","modified_gmt":"2026-09-05T11:15:51","slug":"fallece-un-ciclista-que-choco-contra-otro-en-la-contrarreloj-de-la-vuelta-soria-master","status":"publish","type":"post","link":"https:\/\/trayectoriadeportiva.com\/index.php\/2026\/09\/05\/fallece-un-ciclista-que-choco-contra-otro-en-la-contrarreloj-de-la-vuelta-soria-master\/","title":{"rendered":"Fallece un ciclista que choc\u00f3 contra otro en la contrarreloj de la Vuelta Soria M\u00e1ster"},"content":{"rendered":"<p>Un ciclista herido de gravedad este s\u00e1bado por la ma\u00f1ana en la contrarreloj individual de la V Vuelta Soria M\u00e1ster ha fallecido pese a los esfuerzos de reanimaci\u00f3n por parte de las asistencias sanitarias desplazadas hasta el lugar del accidente, en el municipio de Talveila, han confirmado fuentes de la Subdelegaci\u00f3n del Gobierno.<\/p>\n<p><a href=\"https:\/\/www.lavanguardia.com\/deportes\/20260905\/11627963\/fallece-ciclista-choco-contrarreloj-vuelta-soria-master.html\">Seguir leyendo&#8230;<\/a><\/p>","protected":false},"excerpt":{"rendered":"<p>Un ciclista herido de gravedad este s\u00e1bado por la ma\u00f1ana en la contrarreloj individual de la V Vuelta Soria M\u00e1ster ha fallecido pese a los esfuerzos de reanimaci\u00f3n por parte de las asistencias sanitarias desplazadas hasta el lugar del accidente, en el municipio de Talveila, han confirmado fuentes de la Subdelegaci\u00f3n del Gobierno. Seguir leyendo&#8230;<\/p>\n","protected":false},"author":1,"featured_media":35308,"comment_status":"","ping_status":"","sticky":false,"template":"","format":"standard","meta":{"_et_pb_use_builder":"","_et_pb_old_content":"","_et_gb_content_width":"","footnotes":""},"categories":[1],"tags":[],"class_list":["post-35307","post","type-post","status-publish","format-standard","has-post-thumbnail","hentry","category-blog","et-has-post-format-content","et_post_format-et-post-format-standard"],"_links":{"self":[{"href":"https:\/\/trayectoriadeportiva.com\/index.php\/wp-json\/wp\/v2\/posts\/35307","targetHints":{"allow":["GET"]}}],"collection":[{"href":"https:\/\/trayectoriadeportiva.com\/index.php\/wp-json\/wp\/v2\/posts"}],"about":[{"href":"https:\/\/trayectoriadeportiva.com\/index.php\/wp-json\/wp\/v2\/types\/post"}],"author":[{"embeddable":true,"href":"https:\/\/trayectoriadeportiva.com\/index.php\/wp-json\/wp\/v2\/users\/1"}],"replies":[{"embeddable":true,"href":"https:\/\/trayectoriadeportiva.com\/index.php\/wp-json\/wp\/v2\/comments?post=35307"}],"version-history":[{"count":0,"href":"https:\/\/trayectoriadeportiva.com\/index.php\/wp-json\/wp\/v2\/posts\/35307\/revisions"}],"wp:featuredmedia":[{"embeddable":true,"href":"https:\/\/trayectoriadeportiva.com\/index.php\/wp-json\/wp\/v2\/media\/35308"}],"wp:attachment":[{"href":"https:\/\/trayectoriadeportiva.com\/index.php\/wp-json\/wp\/v2\/media?parent=35307"}],"wp:term":[{"taxonomy":"category","embeddable":true,"href":"https:\/\/trayectoriadeportiva.com\/index.php\/wp-json\/wp\/v2\/categories?post=35307"},{"taxonomy":"post_tag","embeddable":true,"href":"https:\/\/trayectoriadeportiva.com\/index.php\/wp-json\/wp\/v2\/tags?post=35307"}],"curies":[{"name":"wp","href":"https:\/\/api.w.org\/{rel}","templated":true}]}}