{"id":35309,"date":"2026-09-05T11:07:30","date_gmt":"2026-09-05T11:07:30","guid":{"rendered":"https:\/\/trayectoriadeportiva.com\/index.php\/2026\/09\/05\/el-video-de-dani-ceballos-celebrando-el-gol-del-betis-ante-el-real-madrid-que-no-ha-gustado-al-madridismo\/"},"modified":"2026-09-05T11:07:30","modified_gmt":"2026-09-05T11:07:30","slug":"el-video-de-dani-ceballos-celebrando-el-gol-del-betis-ante-el-real-madrid-que-no-ha-gustado-al-madridismo","status":"publish","type":"post","link":"https:\/\/trayectoriadeportiva.com\/index.php\/2026\/09\/05\/el-video-de-dani-ceballos-celebrando-el-gol-del-betis-ante-el-real-madrid-que-no-ha-gustado-al-madridismo\/","title":{"rendered":"El v\u00eddeo de Dani Ceballos celebrando el gol del Betis ante el Real Madrid que no ha gustado al madridismo"},"content":{"rendered":"<p>La vida de Dani Ceballos ha cambiado radicalmente en apenas una semana. Si hace unos d\u00edas celebraba en el <a href=\"https:\/\/www.lavanguardia.com\/deportes\/real-madrid\/20260829\/11621789\/ruido-bernabeu-esta-detras-sonada-recalificacion-valdebebas-manera-compensar.html\">Santiago Bernab\u00e9u<\/a> los goles del Real Madrid ante el <a href=\"https:\/\/www.lavanguardia.com\/comprar\/cultura-ocio\/20260614\/11562973\/donde-ver-malaga-almeria-partido-ida-playoff-ascenso-laliga-rosaleda-mkt-movi.html\">M\u00e1laga<\/a>, este viernes festej\u00f3 por todo lo alto el tanto con el que el Betis derrot\u00f3 por 1-0 a su exequipo en el Villamar\u00edn.<\/p>\n<p><a href=\"https:\/\/www.lavanguardia.com\/clic\/20260905\/11627952\/video-dani-ceballos-celebrando-gol-betis-real-madrid-gustado-madridismo-lol.html\">Seguir leyendo&#8230;<\/a><\/p>","protected":false},"excerpt":{"rendered":"<p>La vida de Dani Ceballos ha cambiado radicalmente en apenas una semana. Si hace unos d\u00edas celebraba en el Santiago Bernab\u00e9u los goles del Real Madrid ante el M\u00e1laga, este viernes festej\u00f3 por todo lo alto el tanto con el que el Betis derrot\u00f3 por 1-0 a su exequipo en el Villamar\u00edn. Seguir leyendo&#8230;<\/p>\n","protected":false},"author":1,"featured_media":35310,"comment_status":"","ping_status":"","sticky":false,"template":"","format":"standard","meta":{"_et_pb_use_builder":"","_et_pb_old_content":"","_et_gb_content_width":"","footnotes":""},"categories":[1],"tags":[],"class_list":["post-35309","post","type-post","status-publish","format-standard","has-post-thumbnail","hentry","category-blog","et-has-post-format-content","et_post_format-et-post-format-standard"],"_links":{"self":[{"href":"https:\/\/trayectoriadeportiva.com\/index.php\/wp-json\/wp\/v2\/posts\/35309","targetHints":{"allow":["GET"]}}],"collection":[{"href":"https:\/\/trayectoriadeportiva.com\/index.php\/wp-json\/wp\/v2\/posts"}],"about":[{"href":"https:\/\/trayectoriadeportiva.com\/index.php\/wp-json\/wp\/v2\/types\/post"}],"author":[{"embeddable":true,"href":"https:\/\/trayectoriadeportiva.com\/index.php\/wp-json\/wp\/v2\/users\/1"}],"replies":[{"embeddable":true,"href":"https:\/\/trayectoriadeportiva.com\/index.php\/wp-json\/wp\/v2\/comments?post=35309"}],"version-history":[{"count":0,"href":"https:\/\/trayectoriadeportiva.com\/index.php\/wp-json\/wp\/v2\/posts\/35309\/revisions"}],"wp:featuredmedia":[{"embeddable":true,"href":"https:\/\/trayectoriadeportiva.com\/index.php\/wp-json\/wp\/v2\/media\/35310"}],"wp:attachment":[{"href":"https:\/\/trayectoriadeportiva.com\/index.php\/wp-json\/wp\/v2\/media?parent=35309"}],"wp:term":[{"taxonomy":"category","embeddable":true,"href":"https:\/\/trayectoriadeportiva.com\/index.php\/wp-json\/wp\/v2\/categories?post=35309"},{"taxonomy":"post_tag","embeddable":true,"href":"https:\/\/trayectoriadeportiva.com\/index.php\/wp-json\/wp\/v2\/tags?post=35309"}],"curies":[{"name":"wp","href":"https:\/\/api.w.org\/{rel}","templated":true}]}}