{"id":35311,"date":"2026-09-05T11:00:53","date_gmt":"2026-09-05T11:00:53","guid":{"rendered":"https:\/\/trayectoriadeportiva.com\/index.php\/2026\/09\/05\/flick-confirma-la-capitania-he-elegido-a-raphinha-y-pedri-a-eric-de-jong-y-lamine-los-voto-el-equipo\/"},"modified":"2026-09-05T11:00:53","modified_gmt":"2026-09-05T11:00:53","slug":"flick-confirma-la-capitania-he-elegido-a-raphinha-y-pedri-a-eric-de-jong-y-lamine-los-voto-el-equipo","status":"publish","type":"post","link":"https:\/\/trayectoriadeportiva.com\/index.php\/2026\/09\/05\/flick-confirma-la-capitania-he-elegido-a-raphinha-y-pedri-a-eric-de-jong-y-lamine-los-voto-el-equipo\/","title":{"rendered":"Flick confirma la capitan\u00eda: \u201cHe elegido a Raphinha y Pedri; a Eric, De Jong y Lamine los vot\u00f3 el equipo\u201d"},"content":{"rendered":"<p>Hansi Flick compareci\u00f3 en la sala de prensa tras un cambio horario en la sesi\u00f3n de entrenamiento. El equipo se ejercit\u00f3 a las 10 de la ma\u00f1ana para tratar de evitar el calor, aunque no pudo escapar de los 29 grados de temperatura. Los mismos grados, o incluso alguno m\u00e1s, que se encontrar\u00e1n este domingo en Mestalla a las 16.15 horas. \u201cJugar a las 16.15 h ser\u00e1 duro tambi\u00e9n por el calor, pero no ponemos excusas\u201d, dijo el entrenador, que el s\u00e1bado estuvo pendiente del Real Madrid, que perdi\u00f3 en Sevilla ante el Betis. \u201cEl Madrid jug\u00f3 bien y cre\u00f3 muchas oportunidades. Lo importante para nosotros es centrarnos en nosotros, en nuestro estilo\u201d, reivindic\u00f3.<\/p>\n<p><a href=\"https:\/\/www.lavanguardia.com\/deportes\/fc-barcelona\/20260905\/11627945\/flick-confirma-capitania-he-elegido-raphinha-pedri-eric-jong-lamine-voto-equipo-previa-valencia-barca.html\">Seguir leyendo&#8230;<\/a><\/p>","protected":false},"excerpt":{"rendered":"<p>Hansi Flick compareci\u00f3 en la sala de prensa tras un cambio horario en la sesi\u00f3n de entrenamiento. El equipo se ejercit\u00f3 a las 10 de la ma\u00f1ana para tratar de evitar el calor, aunque no pudo escapar de los 29 grados de temperatura. Los mismos grados, o incluso alguno m\u00e1s, que se encontrar\u00e1n este domingo [&hellip;]<\/p>\n","protected":false},"author":1,"featured_media":35312,"comment_status":"","ping_status":"","sticky":false,"template":"","format":"standard","meta":{"_et_pb_use_builder":"","_et_pb_old_content":"","_et_gb_content_width":"","footnotes":""},"categories":[1],"tags":[],"class_list":["post-35311","post","type-post","status-publish","format-standard","has-post-thumbnail","hentry","category-blog","et-has-post-format-content","et_post_format-et-post-format-standard"],"_links":{"self":[{"href":"https:\/\/trayectoriadeportiva.com\/index.php\/wp-json\/wp\/v2\/posts\/35311","targetHints":{"allow":["GET"]}}],"collection":[{"href":"https:\/\/trayectoriadeportiva.com\/index.php\/wp-json\/wp\/v2\/posts"}],"about":[{"href":"https:\/\/trayectoriadeportiva.com\/index.php\/wp-json\/wp\/v2\/types\/post"}],"author":[{"embeddable":true,"href":"https:\/\/trayectoriadeportiva.com\/index.php\/wp-json\/wp\/v2\/users\/1"}],"replies":[{"embeddable":true,"href":"https:\/\/trayectoriadeportiva.com\/index.php\/wp-json\/wp\/v2\/comments?post=35311"}],"version-history":[{"count":0,"href":"https:\/\/trayectoriadeportiva.com\/index.php\/wp-json\/wp\/v2\/posts\/35311\/revisions"}],"wp:featuredmedia":[{"embeddable":true,"href":"https:\/\/trayectoriadeportiva.com\/index.php\/wp-json\/wp\/v2\/media\/35312"}],"wp:attachment":[{"href":"https:\/\/trayectoriadeportiva.com\/index.php\/wp-json\/wp\/v2\/media?parent=35311"}],"wp:term":[{"taxonomy":"category","embeddable":true,"href":"https:\/\/trayectoriadeportiva.com\/index.php\/wp-json\/wp\/v2\/categories?post=35311"},{"taxonomy":"post_tag","embeddable":true,"href":"https:\/\/trayectoriadeportiva.com\/index.php\/wp-json\/wp\/v2\/tags?post=35311"}],"curies":[{"name":"wp","href":"https:\/\/api.w.org\/{rel}","templated":true}]}}