{"id":35339,"date":"2026-09-05T15:50:18","date_gmt":"2026-09-05T15:50:18","guid":{"rendered":"https:\/\/trayectoriadeportiva.com\/index.php\/2026\/09\/05\/informe-asi-combatira-el-barca-los-34-grados-que-se-esperan-en-mestalla\/"},"modified":"2026-09-05T15:50:18","modified_gmt":"2026-09-05T15:50:18","slug":"informe-asi-combatira-el-barca-los-34-grados-que-se-esperan-en-mestalla","status":"publish","type":"post","link":"https:\/\/trayectoriadeportiva.com\/index.php\/2026\/09\/05\/informe-asi-combatira-el-barca-los-34-grados-que-se-esperan-en-mestalla\/","title":{"rendered":"Informe: as\u00ed combatir\u00e1 el Bar\u00e7a los 34 grados que se esperan en Mestalla"},"content":{"rendered":"<p>La posibilidad de acentuar el liderato y abrir brecha con el Real Madrid, derrotado ante el Betis el viernes, alienta al Barcelona, que visita este domingo Mestalla (16.15 horas) para enfrentarse a un Valencia al que tiene tomada la medida y contra el que ha cosechado buenos resultados con Carlos Corber\u00e1n en el banquillo.<\/p>\n<p><a href=\"https:\/\/www.lavanguardia.com\/deportes\/fc-barcelona\/20260905\/11628045\/informe-asi-combatira-barca-34-grados-esperan-mestalla.html\">Seguir leyendo&#8230;<\/a><\/p>","protected":false},"excerpt":{"rendered":"<p>La posibilidad de acentuar el liderato y abrir brecha con el Real Madrid, derrotado ante el Betis el viernes, alienta al Barcelona, que visita este domingo Mestalla (16.15 horas) para enfrentarse a un Valencia al que tiene tomada la medida y contra el que ha cosechado buenos resultados con Carlos Corber\u00e1n en el banquillo. Seguir [&hellip;]<\/p>\n","protected":false},"author":1,"featured_media":35340,"comment_status":"","ping_status":"","sticky":false,"template":"","format":"standard","meta":{"_et_pb_use_builder":"","_et_pb_old_content":"","_et_gb_content_width":"","footnotes":""},"categories":[1],"tags":[],"class_list":["post-35339","post","type-post","status-publish","format-standard","has-post-thumbnail","hentry","category-blog","et-has-post-format-content","et_post_format-et-post-format-standard"],"_links":{"self":[{"href":"https:\/\/trayectoriadeportiva.com\/index.php\/wp-json\/wp\/v2\/posts\/35339","targetHints":{"allow":["GET"]}}],"collection":[{"href":"https:\/\/trayectoriadeportiva.com\/index.php\/wp-json\/wp\/v2\/posts"}],"about":[{"href":"https:\/\/trayectoriadeportiva.com\/index.php\/wp-json\/wp\/v2\/types\/post"}],"author":[{"embeddable":true,"href":"https:\/\/trayectoriadeportiva.com\/index.php\/wp-json\/wp\/v2\/users\/1"}],"replies":[{"embeddable":true,"href":"https:\/\/trayectoriadeportiva.com\/index.php\/wp-json\/wp\/v2\/comments?post=35339"}],"version-history":[{"count":0,"href":"https:\/\/trayectoriadeportiva.com\/index.php\/wp-json\/wp\/v2\/posts\/35339\/revisions"}],"wp:featuredmedia":[{"embeddable":true,"href":"https:\/\/trayectoriadeportiva.com\/index.php\/wp-json\/wp\/v2\/media\/35340"}],"wp:attachment":[{"href":"https:\/\/trayectoriadeportiva.com\/index.php\/wp-json\/wp\/v2\/media?parent=35339"}],"wp:term":[{"taxonomy":"category","embeddable":true,"href":"https:\/\/trayectoriadeportiva.com\/index.php\/wp-json\/wp\/v2\/categories?post=35339"},{"taxonomy":"post_tag","embeddable":true,"href":"https:\/\/trayectoriadeportiva.com\/index.php\/wp-json\/wp\/v2\/tags?post=35339"}],"curies":[{"name":"wp","href":"https:\/\/api.w.org\/{rel}","templated":true}]}}