{"id":35345,"date":"2026-09-05T17:26:56","date_gmt":"2026-09-05T17:26:56","guid":{"rendered":"https:\/\/trayectoriadeportiva.com\/index.php\/2026\/09\/05\/julian-alvarez-regresa-y-es-el-mejor-del-atletico-en-la-severa-derrota-en-san-mames\/"},"modified":"2026-09-05T17:26:56","modified_gmt":"2026-09-05T17:26:56","slug":"julian-alvarez-regresa-y-es-el-mejor-del-atletico-en-la-severa-derrota-en-san-mames","status":"publish","type":"post","link":"https:\/\/trayectoriadeportiva.com\/index.php\/2026\/09\/05\/julian-alvarez-regresa-y-es-el-mejor-del-atletico-en-la-severa-derrota-en-san-mames\/","title":{"rendered":"Juli\u00e1n \u00c1lvarez regresa y es el mejor del Atl\u00e9tico en la severa derrota en San Mam\u00e9s"},"content":{"rendered":"<p>El Athletic Club arroll\u00f3 al Atl\u00e9tico de Madrid (3-0) en San Mam\u00e9s en un partido que dej\u00f3 al conjunto de Simeone sin capacidad de reacci\u00f3n y en el que Juli\u00e1n \u00c1lvarez, que comenz\u00f3 en el banquillo, dispuso de la mejor ocasi\u00f3n rojiblanca.<\/p>\n<p><a href=\"https:\/\/www.lavanguardia.com\/deportes\/futbol\/20260905\/11628096\/julian-alvarez-regresa-mejor-atletico-severa-derrota-san-mames.html\">Seguir leyendo&#8230;<\/a><\/p>","protected":false},"excerpt":{"rendered":"<p>El Athletic Club arroll\u00f3 al Atl\u00e9tico de Madrid (3-0) en San Mam\u00e9s en un partido que dej\u00f3 al conjunto de Simeone sin capacidad de reacci\u00f3n y en el que Juli\u00e1n \u00c1lvarez, que comenz\u00f3 en el banquillo, dispuso de la mejor ocasi\u00f3n rojiblanca. Seguir leyendo&#8230;<\/p>\n","protected":false},"author":1,"featured_media":35346,"comment_status":"","ping_status":"","sticky":false,"template":"","format":"standard","meta":{"_et_pb_use_builder":"","_et_pb_old_content":"","_et_gb_content_width":"","footnotes":""},"categories":[1],"tags":[],"class_list":["post-35345","post","type-post","status-publish","format-standard","has-post-thumbnail","hentry","category-blog","et-has-post-format-content","et_post_format-et-post-format-standard"],"_links":{"self":[{"href":"https:\/\/trayectoriadeportiva.com\/index.php\/wp-json\/wp\/v2\/posts\/35345","targetHints":{"allow":["GET"]}}],"collection":[{"href":"https:\/\/trayectoriadeportiva.com\/index.php\/wp-json\/wp\/v2\/posts"}],"about":[{"href":"https:\/\/trayectoriadeportiva.com\/index.php\/wp-json\/wp\/v2\/types\/post"}],"author":[{"embeddable":true,"href":"https:\/\/trayectoriadeportiva.com\/index.php\/wp-json\/wp\/v2\/users\/1"}],"replies":[{"embeddable":true,"href":"https:\/\/trayectoriadeportiva.com\/index.php\/wp-json\/wp\/v2\/comments?post=35345"}],"version-history":[{"count":0,"href":"https:\/\/trayectoriadeportiva.com\/index.php\/wp-json\/wp\/v2\/posts\/35345\/revisions"}],"wp:featuredmedia":[{"embeddable":true,"href":"https:\/\/trayectoriadeportiva.com\/index.php\/wp-json\/wp\/v2\/media\/35346"}],"wp:attachment":[{"href":"https:\/\/trayectoriadeportiva.com\/index.php\/wp-json\/wp\/v2\/media?parent=35345"}],"wp:term":[{"taxonomy":"category","embeddable":true,"href":"https:\/\/trayectoriadeportiva.com\/index.php\/wp-json\/wp\/v2\/categories?post=35345"},{"taxonomy":"post_tag","embeddable":true,"href":"https:\/\/trayectoriadeportiva.com\/index.php\/wp-json\/wp\/v2\/tags?post=35345"}],"curies":[{"name":"wp","href":"https:\/\/api.w.org\/{rel}","templated":true}]}}