{"id":35347,"date":"2026-09-05T16:58:44","date_gmt":"2026-09-05T16:58:44","guid":{"rendered":"https:\/\/trayectoriadeportiva.com\/index.php\/2026\/09\/05\/mas-desnuda-a-roglic-y-ya-le-saca-mas-de-dos-minutos\/"},"modified":"2026-09-05T16:58:44","modified_gmt":"2026-09-05T16:58:44","slug":"mas-desnuda-a-roglic-y-ya-le-saca-mas-de-dos-minutos","status":"publish","type":"post","link":"https:\/\/trayectoriadeportiva.com\/index.php\/2026\/09\/05\/mas-desnuda-a-roglic-y-ya-le-saca-mas-de-dos-minutos\/","title":{"rendered":"Mas desnuda a Roglic y ya le saca m\u00e1s de dos minutos"},"content":{"rendered":"<p>A veces los recuerdos pueden ser traicioneros y no conviene cogerlos como referencia en el presente. La memoria puede jugar una mal pasada. La Sierra de la Pandera lo demostr\u00f3 en la lucha por la Vuelta a Espa\u00f1a. Convirti\u00f3 en un espejismo la idea de repetir victorias y ataques de insurgentes. Que una vez saliese bien no significa que siempre vaya a ser as\u00ed, aunque s\u00ed que existen puertos que son talismanes.<\/p>\n<p><a href=\"https:\/\/www.lavanguardia.com\/deportes\/20260905\/11628079\/desnuda-roglic-le-saca-mas-dos-minutos.html\">Seguir leyendo&#8230;<\/a><\/p>","protected":false},"excerpt":{"rendered":"<p>A veces los recuerdos pueden ser traicioneros y no conviene cogerlos como referencia en el presente. La memoria puede jugar una mal pasada. La Sierra de la Pandera lo demostr\u00f3 en la lucha por la Vuelta a Espa\u00f1a. Convirti\u00f3 en un espejismo la idea de repetir victorias y ataques de insurgentes. Que una vez saliese [&hellip;]<\/p>\n","protected":false},"author":1,"featured_media":35348,"comment_status":"","ping_status":"","sticky":false,"template":"","format":"standard","meta":{"_et_pb_use_builder":"","_et_pb_old_content":"","_et_gb_content_width":"","footnotes":""},"categories":[1],"tags":[],"class_list":["post-35347","post","type-post","status-publish","format-standard","has-post-thumbnail","hentry","category-blog","et-has-post-format-content","et_post_format-et-post-format-standard"],"_links":{"self":[{"href":"https:\/\/trayectoriadeportiva.com\/index.php\/wp-json\/wp\/v2\/posts\/35347","targetHints":{"allow":["GET"]}}],"collection":[{"href":"https:\/\/trayectoriadeportiva.com\/index.php\/wp-json\/wp\/v2\/posts"}],"about":[{"href":"https:\/\/trayectoriadeportiva.com\/index.php\/wp-json\/wp\/v2\/types\/post"}],"author":[{"embeddable":true,"href":"https:\/\/trayectoriadeportiva.com\/index.php\/wp-json\/wp\/v2\/users\/1"}],"replies":[{"embeddable":true,"href":"https:\/\/trayectoriadeportiva.com\/index.php\/wp-json\/wp\/v2\/comments?post=35347"}],"version-history":[{"count":0,"href":"https:\/\/trayectoriadeportiva.com\/index.php\/wp-json\/wp\/v2\/posts\/35347\/revisions"}],"wp:featuredmedia":[{"embeddable":true,"href":"https:\/\/trayectoriadeportiva.com\/index.php\/wp-json\/wp\/v2\/media\/35348"}],"wp:attachment":[{"href":"https:\/\/trayectoriadeportiva.com\/index.php\/wp-json\/wp\/v2\/media?parent=35347"}],"wp:term":[{"taxonomy":"category","embeddable":true,"href":"https:\/\/trayectoriadeportiva.com\/index.php\/wp-json\/wp\/v2\/categories?post=35347"},{"taxonomy":"post_tag","embeddable":true,"href":"https:\/\/trayectoriadeportiva.com\/index.php\/wp-json\/wp\/v2\/tags?post=35347"}],"curies":[{"name":"wp","href":"https:\/\/api.w.org\/{rel}","templated":true}]}}