{"id":35353,"date":"2026-09-05T18:11:20","date_gmt":"2026-09-05T18:11:20","guid":{"rendered":"https:\/\/trayectoriadeportiva.com\/index.php\/2026\/09\/05\/asprilla-se-inspira-en-gijon-y-el-girona-se-engancha-a-la-parte-alta-de-segunda\/"},"modified":"2026-09-05T18:11:20","modified_gmt":"2026-09-05T18:11:20","slug":"asprilla-se-inspira-en-gijon-y-el-girona-se-engancha-a-la-parte-alta-de-segunda","status":"publish","type":"post","link":"https:\/\/trayectoriadeportiva.com\/index.php\/2026\/09\/05\/asprilla-se-inspira-en-gijon-y-el-girona-se-engancha-a-la-parte-alta-de-segunda\/","title":{"rendered":"Asprilla se inspira en Gij\u00f3n y el Girona se engancha a la parte alta de Segunda"},"content":{"rendered":"<p>El Girona, que no empez\u00f3 con buen pie, ha encauzado su direcci\u00f3n en la Segunda Divisi\u00f3n gracias a las botas y a la inspiraci\u00f3n de Y\u00e1ser Asprilla. El fichaje m\u00e1s caro de la historia del club est\u00e1 marcando las diferencias y dej\u00f3 un gol de bandera en El Molin\u00f3n como demostraci\u00f3n. La preciosa vaselina del colombiano abri\u00f3 el camino de una victoria que sentenci\u00f3 Carles P\u00e9rez. El ex del Bar\u00e7a, Roma y Celta debut\u00f3 con la camiseta rojiblanca (ayer de verde) y se estren\u00f3 con otro golazo.<\/p>\n<p><a href=\"https:\/\/www.lavanguardia.com\/deportes\/20260905\/11628103\/asprilla-inspira-gijon-girona-engancha-parte-alta-segunda.html\">Seguir leyendo&#8230;<\/a><\/p>","protected":false},"excerpt":{"rendered":"<p>El Girona, que no empez\u00f3 con buen pie, ha encauzado su direcci\u00f3n en la Segunda Divisi\u00f3n gracias a las botas y a la inspiraci\u00f3n de Y\u00e1ser Asprilla. El fichaje m\u00e1s caro de la historia del club est\u00e1 marcando las diferencias y dej\u00f3 un gol de bandera en El Molin\u00f3n como demostraci\u00f3n. La preciosa vaselina del [&hellip;]<\/p>\n","protected":false},"author":1,"featured_media":35354,"comment_status":"","ping_status":"","sticky":false,"template":"","format":"standard","meta":{"_et_pb_use_builder":"","_et_pb_old_content":"","_et_gb_content_width":"","footnotes":""},"categories":[1],"tags":[],"class_list":["post-35353","post","type-post","status-publish","format-standard","has-post-thumbnail","hentry","category-blog","et-has-post-format-content","et_post_format-et-post-format-standard"],"_links":{"self":[{"href":"https:\/\/trayectoriadeportiva.com\/index.php\/wp-json\/wp\/v2\/posts\/35353","targetHints":{"allow":["GET"]}}],"collection":[{"href":"https:\/\/trayectoriadeportiva.com\/index.php\/wp-json\/wp\/v2\/posts"}],"about":[{"href":"https:\/\/trayectoriadeportiva.com\/index.php\/wp-json\/wp\/v2\/types\/post"}],"author":[{"embeddable":true,"href":"https:\/\/trayectoriadeportiva.com\/index.php\/wp-json\/wp\/v2\/users\/1"}],"replies":[{"embeddable":true,"href":"https:\/\/trayectoriadeportiva.com\/index.php\/wp-json\/wp\/v2\/comments?post=35353"}],"version-history":[{"count":0,"href":"https:\/\/trayectoriadeportiva.com\/index.php\/wp-json\/wp\/v2\/posts\/35353\/revisions"}],"wp:featuredmedia":[{"embeddable":true,"href":"https:\/\/trayectoriadeportiva.com\/index.php\/wp-json\/wp\/v2\/media\/35354"}],"wp:attachment":[{"href":"https:\/\/trayectoriadeportiva.com\/index.php\/wp-json\/wp\/v2\/media?parent=35353"}],"wp:term":[{"taxonomy":"category","embeddable":true,"href":"https:\/\/trayectoriadeportiva.com\/index.php\/wp-json\/wp\/v2\/categories?post=35353"},{"taxonomy":"post_tag","embeddable":true,"href":"https:\/\/trayectoriadeportiva.com\/index.php\/wp-json\/wp\/v2\/tags?post=35353"}],"curies":[{"name":"wp","href":"https:\/\/api.w.org\/{rel}","templated":true}]}}