{"id":35359,"date":"2026-09-05T22:34:57","date_gmt":"2026-09-05T22:34:57","guid":{"rendered":"https:\/\/trayectoriadeportiva.com\/index.php\/2026\/09\/05\/cristina-bucsa-pelea-pero-no-puede-con-coco-gauff\/"},"modified":"2026-09-05T22:34:57","modified_gmt":"2026-09-05T22:34:57","slug":"cristina-bucsa-pelea-pero-no-puede-con-coco-gauff","status":"publish","type":"post","link":"https:\/\/trayectoriadeportiva.com\/index.php\/2026\/09\/05\/cristina-bucsa-pelea-pero-no-puede-con-coco-gauff\/","title":{"rendered":"Cristina Bucsa pelea, pero no puede con Coco Gauff"},"content":{"rendered":"<p>Cristina Bucsa plant\u00f3 cara a Coco Gauff, pero no pudo evitar caer eliminada en poco menos de una hora y media de juego. La l\u00f3gica se impuso y la estadounidense derrot\u00f3 a la c\u00e1ntabra por 6-3 y 6-4.<\/p>\n<p><a href=\"https:\/\/www.lavanguardia.com\/deportes\/tenis\/20260906\/11628395\/cristina-bucsa-pelea-coco-gauff.html\">Seguir leyendo&#8230;<\/a><\/p>","protected":false},"excerpt":{"rendered":"<p>Cristina Bucsa plant\u00f3 cara a Coco Gauff, pero no pudo evitar caer eliminada en poco menos de una hora y media de juego. La l\u00f3gica se impuso y la estadounidense derrot\u00f3 a la c\u00e1ntabra por 6-3 y 6-4. Seguir leyendo&#8230;<\/p>\n","protected":false},"author":1,"featured_media":35360,"comment_status":"","ping_status":"","sticky":false,"template":"","format":"standard","meta":{"_et_pb_use_builder":"","_et_pb_old_content":"","_et_gb_content_width":"","footnotes":""},"categories":[1],"tags":[],"class_list":["post-35359","post","type-post","status-publish","format-standard","has-post-thumbnail","hentry","category-blog","et-has-post-format-content","et_post_format-et-post-format-standard"],"_links":{"self":[{"href":"https:\/\/trayectoriadeportiva.com\/index.php\/wp-json\/wp\/v2\/posts\/35359","targetHints":{"allow":["GET"]}}],"collection":[{"href":"https:\/\/trayectoriadeportiva.com\/index.php\/wp-json\/wp\/v2\/posts"}],"about":[{"href":"https:\/\/trayectoriadeportiva.com\/index.php\/wp-json\/wp\/v2\/types\/post"}],"author":[{"embeddable":true,"href":"https:\/\/trayectoriadeportiva.com\/index.php\/wp-json\/wp\/v2\/users\/1"}],"replies":[{"embeddable":true,"href":"https:\/\/trayectoriadeportiva.com\/index.php\/wp-json\/wp\/v2\/comments?post=35359"}],"version-history":[{"count":0,"href":"https:\/\/trayectoriadeportiva.com\/index.php\/wp-json\/wp\/v2\/posts\/35359\/revisions"}],"wp:featuredmedia":[{"embeddable":true,"href":"https:\/\/trayectoriadeportiva.com\/index.php\/wp-json\/wp\/v2\/media\/35360"}],"wp:attachment":[{"href":"https:\/\/trayectoriadeportiva.com\/index.php\/wp-json\/wp\/v2\/media?parent=35359"}],"wp:term":[{"taxonomy":"category","embeddable":true,"href":"https:\/\/trayectoriadeportiva.com\/index.php\/wp-json\/wp\/v2\/categories?post=35359"},{"taxonomy":"post_tag","embeddable":true,"href":"https:\/\/trayectoriadeportiva.com\/index.php\/wp-json\/wp\/v2\/tags?post=35359"}],"curies":[{"name":"wp","href":"https:\/\/api.w.org\/{rel}","templated":true}]}}