{"id":35363,"date":"2026-09-06T04:00:00","date_gmt":"2026-09-06T04:00:00","guid":{"rendered":"https:\/\/trayectoriadeportiva.com\/index.php\/2026\/09\/06\/espart-y-el-aroma-de-lahm\/"},"modified":"2026-09-06T04:00:00","modified_gmt":"2026-09-06T04:00:00","slug":"espart-y-el-aroma-de-lahm","status":"publish","type":"post","link":"https:\/\/trayectoriadeportiva.com\/index.php\/2026\/09\/06\/espart-y-el-aroma-de-lahm\/","title":{"rendered":"Espart y el aroma de Lahm"},"content":{"rendered":"<p>La noticia m\u00e1s comentada del universo Bar\u00e7a es la irrupci\u00f3n de Xavi Espart, imprevisto, pero constante, en las alineaciones del Bar\u00e7a. Hace unos meses, en Newcastle, Espart ingres\u00f3 a punto de terminar el partido contra el equipo ingl\u00e9s en la Champions. El resultado estaba en el aire y al equipo le cruj\u00edan las lesiones. Se ocup\u00f3 de marcar a Anthony Gordon, con el que ahora comparte banda en el Bar\u00e7a. De aquellos 10 minutos en Saint James\u2019s se habl\u00f3 mucho y bien durante unos d\u00edas. Resisti\u00f3 a pie firme en uno de los campos m\u00e1s fervorosos de Inglaterra, pero la prueba no tuvo continuidad. El Bar\u00e7a ten\u00eda mucha plancha por delante y Hansi Flick no le dio m\u00e1s oportunidades.<\/p>\n<p><a href=\"https:\/\/www.lavanguardia.com\/deportes\/20260906\/11628190\/espart-aroma-lahm.html\">Seguir leyendo&#8230;<\/a><\/p>","protected":false},"excerpt":{"rendered":"<p>La noticia m\u00e1s comentada del universo Bar\u00e7a es la irrupci\u00f3n de Xavi Espart, imprevisto, pero constante, en las alineaciones del Bar\u00e7a. Hace unos meses, en Newcastle, Espart ingres\u00f3 a punto de terminar el partido contra el equipo ingl\u00e9s en la Champions. El resultado estaba en el aire y al equipo le cruj\u00edan las lesiones. Se [&hellip;]<\/p>\n","protected":false},"author":1,"featured_media":35364,"comment_status":"","ping_status":"","sticky":false,"template":"","format":"standard","meta":{"_et_pb_use_builder":"","_et_pb_old_content":"","_et_gb_content_width":"","footnotes":""},"categories":[1],"tags":[],"class_list":["post-35363","post","type-post","status-publish","format-standard","has-post-thumbnail","hentry","category-blog","et-has-post-format-content","et_post_format-et-post-format-standard"],"_links":{"self":[{"href":"https:\/\/trayectoriadeportiva.com\/index.php\/wp-json\/wp\/v2\/posts\/35363","targetHints":{"allow":["GET"]}}],"collection":[{"href":"https:\/\/trayectoriadeportiva.com\/index.php\/wp-json\/wp\/v2\/posts"}],"about":[{"href":"https:\/\/trayectoriadeportiva.com\/index.php\/wp-json\/wp\/v2\/types\/post"}],"author":[{"embeddable":true,"href":"https:\/\/trayectoriadeportiva.com\/index.php\/wp-json\/wp\/v2\/users\/1"}],"replies":[{"embeddable":true,"href":"https:\/\/trayectoriadeportiva.com\/index.php\/wp-json\/wp\/v2\/comments?post=35363"}],"version-history":[{"count":0,"href":"https:\/\/trayectoriadeportiva.com\/index.php\/wp-json\/wp\/v2\/posts\/35363\/revisions"}],"wp:featuredmedia":[{"embeddable":true,"href":"https:\/\/trayectoriadeportiva.com\/index.php\/wp-json\/wp\/v2\/media\/35364"}],"wp:attachment":[{"href":"https:\/\/trayectoriadeportiva.com\/index.php\/wp-json\/wp\/v2\/media?parent=35363"}],"wp:term":[{"taxonomy":"category","embeddable":true,"href":"https:\/\/trayectoriadeportiva.com\/index.php\/wp-json\/wp\/v2\/categories?post=35363"},{"taxonomy":"post_tag","embeddable":true,"href":"https:\/\/trayectoriadeportiva.com\/index.php\/wp-json\/wp\/v2\/tags?post=35363"}],"curies":[{"name":"wp","href":"https:\/\/api.w.org\/{rel}","templated":true}]}}