{"id":35367,"date":"2026-09-06T04:00:00","date_gmt":"2026-09-06T04:00:00","guid":{"rendered":"https:\/\/trayectoriadeportiva.com\/index.php\/2026\/09\/06\/coe-inventa-y-reinventa-el-viernes-nace-un-mundial-de-atletismo-en-miniatura\/"},"modified":"2026-09-06T04:00:00","modified_gmt":"2026-09-06T04:00:00","slug":"coe-inventa-y-reinventa-el-viernes-nace-un-mundial-de-atletismo-en-miniatura","status":"publish","type":"post","link":"https:\/\/trayectoriadeportiva.com\/index.php\/2026\/09\/06\/coe-inventa-y-reinventa-el-viernes-nace-un-mundial-de-atletismo-en-miniatura\/","title":{"rendered":"Coe inventa y reinventa: el viernes nace un Mundial de atletismo en miniatura"},"content":{"rendered":"<p><i> No garantizo el \u00e9xito, ser\u00eda est\u00fapido, pero haremos todo lo que podamos <\/i><\/p>\n<p><a href=\"https:\/\/www.lavanguardia.com\/deportes\/otros-deportes\/20260906\/11628111\/coe-inventa-reinventa-viernes-nace-mundial-atletismo-miniatura.html\">Seguir leyendo&#8230;<\/a><\/p>","protected":false},"excerpt":{"rendered":"<p>No garantizo el \u00e9xito, ser\u00eda est\u00fapido, pero haremos todo lo que podamos Seguir leyendo&#8230;<\/p>\n","protected":false},"author":1,"featured_media":35368,"comment_status":"","ping_status":"","sticky":false,"template":"","format":"standard","meta":{"_et_pb_use_builder":"","_et_pb_old_content":"","_et_gb_content_width":"","footnotes":""},"categories":[1],"tags":[],"class_list":["post-35367","post","type-post","status-publish","format-standard","has-post-thumbnail","hentry","category-blog","et-has-post-format-content","et_post_format-et-post-format-standard"],"_links":{"self":[{"href":"https:\/\/trayectoriadeportiva.com\/index.php\/wp-json\/wp\/v2\/posts\/35367","targetHints":{"allow":["GET"]}}],"collection":[{"href":"https:\/\/trayectoriadeportiva.com\/index.php\/wp-json\/wp\/v2\/posts"}],"about":[{"href":"https:\/\/trayectoriadeportiva.com\/index.php\/wp-json\/wp\/v2\/types\/post"}],"author":[{"embeddable":true,"href":"https:\/\/trayectoriadeportiva.com\/index.php\/wp-json\/wp\/v2\/users\/1"}],"replies":[{"embeddable":true,"href":"https:\/\/trayectoriadeportiva.com\/index.php\/wp-json\/wp\/v2\/comments?post=35367"}],"version-history":[{"count":0,"href":"https:\/\/trayectoriadeportiva.com\/index.php\/wp-json\/wp\/v2\/posts\/35367\/revisions"}],"wp:featuredmedia":[{"embeddable":true,"href":"https:\/\/trayectoriadeportiva.com\/index.php\/wp-json\/wp\/v2\/media\/35368"}],"wp:attachment":[{"href":"https:\/\/trayectoriadeportiva.com\/index.php\/wp-json\/wp\/v2\/media?parent=35367"}],"wp:term":[{"taxonomy":"category","embeddable":true,"href":"https:\/\/trayectoriadeportiva.com\/index.php\/wp-json\/wp\/v2\/categories?post=35367"},{"taxonomy":"post_tag","embeddable":true,"href":"https:\/\/trayectoriadeportiva.com\/index.php\/wp-json\/wp\/v2\/tags?post=35367"}],"curies":[{"name":"wp","href":"https:\/\/api.w.org\/{rel}","templated":true}]}}