{"id":35371,"date":"2026-09-06T04:00:00","date_gmt":"2026-09-06T04:00:00","guid":{"rendered":"https:\/\/trayectoriadeportiva.com\/index.php\/2026\/09\/06\/flick-ejerce-de-capitan-lamine-luce-brazalete-y-de-jong-vuelve-a-ser-elegido-por-el-vestuario\/"},"modified":"2026-09-06T04:00:00","modified_gmt":"2026-09-06T04:00:00","slug":"flick-ejerce-de-capitan-lamine-luce-brazalete-y-de-jong-vuelve-a-ser-elegido-por-el-vestuario","status":"publish","type":"post","link":"https:\/\/trayectoriadeportiva.com\/index.php\/2026\/09\/06\/flick-ejerce-de-capitan-lamine-luce-brazalete-y-de-jong-vuelve-a-ser-elegido-por-el-vestuario\/","title":{"rendered":"Flick ejerce de capit\u00e1n, Lamine luce brazalete y De Jong vuelve a ser elegido por el vestuario"},"content":{"rendered":"<p>Tras la derrota del Real Madrid ante el Betis, el Barcelona tiene hoy la primera oportunidad para despegar como l\u00edder en solitario en el hostil (y caluroso) Mestalla ante un Valencia en horas bajas y cuestionado en todos sus estamentos. Todo lo contrario que Hansi Flick, m\u00e1s c\u00f3modo que nunca en su tercer a\u00f1o. Apostando por un estilo de juego m\u00e1s consolidado y sobre todo m\u00e1s directo con los jugadores en un Bar\u00e7a m\u00e1s de autor que nunca: le dijo a Balde que deb\u00eda espabilar y a Casad\u00f3 que no ten\u00eda sitio en el equipo.<\/p>\n<p><a href=\"https:\/\/www.lavanguardia.com\/deportes\/20260906\/11628081\/flick-ejerce-capitan-lamine-yamal-luce-brazalete-jong-vuelve-elegido-vestuario.html\">Seguir leyendo&#8230;<\/a><\/p>","protected":false},"excerpt":{"rendered":"<p>Tras la derrota del Real Madrid ante el Betis, el Barcelona tiene hoy la primera oportunidad para despegar como l\u00edder en solitario en el hostil (y caluroso) Mestalla ante un Valencia en horas bajas y cuestionado en todos sus estamentos. Todo lo contrario que Hansi Flick, m\u00e1s c\u00f3modo que nunca en su tercer a\u00f1o. Apostando [&hellip;]<\/p>\n","protected":false},"author":1,"featured_media":35372,"comment_status":"","ping_status":"","sticky":false,"template":"","format":"standard","meta":{"_et_pb_use_builder":"","_et_pb_old_content":"","_et_gb_content_width":"","footnotes":""},"categories":[1],"tags":[],"class_list":["post-35371","post","type-post","status-publish","format-standard","has-post-thumbnail","hentry","category-blog","et-has-post-format-content","et_post_format-et-post-format-standard"],"_links":{"self":[{"href":"https:\/\/trayectoriadeportiva.com\/index.php\/wp-json\/wp\/v2\/posts\/35371","targetHints":{"allow":["GET"]}}],"collection":[{"href":"https:\/\/trayectoriadeportiva.com\/index.php\/wp-json\/wp\/v2\/posts"}],"about":[{"href":"https:\/\/trayectoriadeportiva.com\/index.php\/wp-json\/wp\/v2\/types\/post"}],"author":[{"embeddable":true,"href":"https:\/\/trayectoriadeportiva.com\/index.php\/wp-json\/wp\/v2\/users\/1"}],"replies":[{"embeddable":true,"href":"https:\/\/trayectoriadeportiva.com\/index.php\/wp-json\/wp\/v2\/comments?post=35371"}],"version-history":[{"count":0,"href":"https:\/\/trayectoriadeportiva.com\/index.php\/wp-json\/wp\/v2\/posts\/35371\/revisions"}],"wp:featuredmedia":[{"embeddable":true,"href":"https:\/\/trayectoriadeportiva.com\/index.php\/wp-json\/wp\/v2\/media\/35372"}],"wp:attachment":[{"href":"https:\/\/trayectoriadeportiva.com\/index.php\/wp-json\/wp\/v2\/media?parent=35371"}],"wp:term":[{"taxonomy":"category","embeddable":true,"href":"https:\/\/trayectoriadeportiva.com\/index.php\/wp-json\/wp\/v2\/categories?post=35371"},{"taxonomy":"post_tag","embeddable":true,"href":"https:\/\/trayectoriadeportiva.com\/index.php\/wp-json\/wp\/v2\/tags?post=35371"}],"curies":[{"name":"wp","href":"https:\/\/api.w.org\/{rel}","templated":true}]}}