{"id":3552,"date":"2023-12-02T12:30:09","date_gmt":"2023-12-02T12:30:09","guid":{"rendered":"https:\/\/trayectoriadeportiva.com\/index.php\/2023\/12\/02\/el-barca-se-entrena-sin-ter-stegen-antes-de-medirse-al-atletico\/"},"modified":"2023-12-02T12:30:09","modified_gmt":"2023-12-02T12:30:09","slug":"el-barca-se-entrena-sin-ter-stegen-antes-de-medirse-al-atletico","status":"publish","type":"post","link":"https:\/\/trayectoriadeportiva.com\/index.php\/2023\/12\/02\/el-barca-se-entrena-sin-ter-stegen-antes-de-medirse-al-atletico\/","title":{"rendered":"El Bar\u00e7a se entrena sin Ter Stegen antes de medirse al Atl\u00e9tico"},"content":{"rendered":"<p>El Barcelona complet\u00f3 este s\u00e1bado el \u00faltimo entrenamiento antes de medirse al Atl\u00e9tico de Madrid sin Marc-Andr\u00e9 ter Stegen, que sigue con lumbalgia, y Marcos Alonso, que se qued\u00f3 en el gimnasio por unas molestias.<\/p>\n<p><a href=\"https:\/\/www.lavanguardia.com\/deportes\/fc-barcelona\/20231202\/9422804\/barcelona-ter-stegen-no-entrena-molestias-atletico-de-madrid.html\">Seguir leyendo&#8230;<\/a><\/p>","protected":false},"excerpt":{"rendered":"<p>El Barcelona complet\u00f3 este s\u00e1bado el \u00faltimo entrenamiento antes de medirse al Atl\u00e9tico de Madrid sin Marc-Andr\u00e9 ter Stegen, que sigue con lumbalgia, y Marcos Alonso, que se qued\u00f3 en el gimnasio por unas molestias. Seguir leyendo&#8230;<\/p>\n","protected":false},"author":0,"featured_media":3553,"comment_status":"","ping_status":"","sticky":false,"template":"","format":"standard","meta":{"_et_pb_use_builder":"","_et_pb_old_content":"","_et_gb_content_width":"","footnotes":""},"categories":[1],"tags":[],"class_list":["post-3552","post","type-post","status-publish","format-standard","has-post-thumbnail","hentry","category-blog","et-has-post-format-content","et_post_format-et-post-format-standard"],"_links":{"self":[{"href":"https:\/\/trayectoriadeportiva.com\/index.php\/wp-json\/wp\/v2\/posts\/3552","targetHints":{"allow":["GET"]}}],"collection":[{"href":"https:\/\/trayectoriadeportiva.com\/index.php\/wp-json\/wp\/v2\/posts"}],"about":[{"href":"https:\/\/trayectoriadeportiva.com\/index.php\/wp-json\/wp\/v2\/types\/post"}],"replies":[{"embeddable":true,"href":"https:\/\/trayectoriadeportiva.com\/index.php\/wp-json\/wp\/v2\/comments?post=3552"}],"version-history":[{"count":0,"href":"https:\/\/trayectoriadeportiva.com\/index.php\/wp-json\/wp\/v2\/posts\/3552\/revisions"}],"wp:featuredmedia":[{"embeddable":true,"href":"https:\/\/trayectoriadeportiva.com\/index.php\/wp-json\/wp\/v2\/media\/3553"}],"wp:attachment":[{"href":"https:\/\/trayectoriadeportiva.com\/index.php\/wp-json\/wp\/v2\/media?parent=3552"}],"wp:term":[{"taxonomy":"category","embeddable":true,"href":"https:\/\/trayectoriadeportiva.com\/index.php\/wp-json\/wp\/v2\/categories?post=3552"},{"taxonomy":"post_tag","embeddable":true,"href":"https:\/\/trayectoriadeportiva.com\/index.php\/wp-json\/wp\/v2\/tags?post=3552"}],"curies":[{"name":"wp","href":"https:\/\/api.w.org\/{rel}","templated":true}]}}